{"id":86656,"date":"2026-09-03T09:54:13","date_gmt":"2026-09-03T07:54:13","guid":{"rendered":"https:\/\/visitacostadamorte.com\/?p=86656"},"modified":"2026-09-03T09:57:29","modified_gmt":"2026-09-03T07:57:29","slug":"a-cmat-continua-coas-reunions-presenciais-nos-concellos-para-achegar-a-xestion-da-asociacion-ao-territorio","status":"publish","type":"post","link":"https:\/\/visitacostadamorte.com\/gl\/novas\/a-cmat-continua-coas-reunions-presenciais-nos-concellos-para-achegar-a-xestion-da-asociacion-ao-territorio","title":{"rendered":"A CMAT contin\u00faa coas reuni\u00f3ns presenciais nos concellos para achegar a xesti\u00f3n da asociaci\u00f3n ao territorio"},"content":{"rendered":"\n<p class=\"wp-block-paragraph\">A Costa da Morte Asociaci\u00f3n de Turismo (CMAT) retomou esta semana as reuni\u00f3ns presenciais nos concellos que non forman parte da s\u00faa Xunta Directiva, co obxectivo de achegar a xesti\u00f3n da asociaci\u00f3n aos alcaldes e alcaldesas do territorio que non formaron parte recentemente deste \u00f3rgano de goberno.<\/p>\n\n\n\n<p class=\"wp-block-paragraph\">A Xunta Directiva continuou a traballar durante os meses de xullo e agosto, en distintas cuesti\u00f3ns, entre elas, definiuse a nova implantaci\u00f3n de contadores de uso nos diferentes concellos, que se realizar\u00e1 de maneira progresiva nos 17 municipios, comezando por catro instalaci\u00f3ns durante esta anualidade. Tam\u00e9n se traballou na sensibilizaci\u00f3n e comunicaci\u00f3n arredor do eclipse do 12 de agosto, na pr\u00f3xima campa\u00f1a audiovisual da asociaci\u00f3n, no estudo sobre a posible implantaci\u00f3n dunha taxa tur\u00edstica e no reparto de material promocional entre os concellos para a tempada estival.<\/p>\n\n\n\n<p class=\"wp-block-paragraph\">Foi este pasado m\u00e9rcores, 2 de setembro, cando a comitiva da CMAT continuo coa s\u00faa folla de ruta de extender a s\u00faa xesti\u00f3n por todo o territorio, despraz\u00e1ndose, nesta ocasi\u00f3n, ao Concello de Fisterra, onde foi recibida polo alcalde, Luis \u00cdnsua. Durante o encontro abord\u00e1ronse diferentes asuntos relacionados coa actividade e os proxectos da asociaci\u00f3n, entre eles, o estado dos proxectos GALP obtidos, os seguintes pasos para a an\u00e1lise do turismo de autocaravanas no territorio, e a posta en valor de asuntos relevantes para o territorio como o seu patrimonio megal\u00edtico e a promoci\u00f3n do Cami\u00f1o do Litoral impulsado pola Xunta de Galicia ao seu paso pola Costa da Morte.<\/p>\n\n\n\n<p class=\"wp-block-paragraph\">A reuni\u00f3n serviu tam\u00e9n para comezar a definir os tr\u00e1mites necesarios para a organizaci\u00f3n do <strong>VI Encontro de Turismo Anual da Costa da Morte<\/strong>, unha das principais citas da asociaci\u00f3n, que ter\u00e1 lugar o vindeiro mes de novembro e que cada ano re\u00fane ao sector tur\u00edstico e \u00e1s entidades do territorio.<\/p>\n\n\n\n<p class=\"wp-block-paragraph\">Ao retomar as reuni\u00f3ns presenciais, a CMAT busca <strong>reforzar a comunicaci\u00f3n directa cos concellos, co\u00f1ecer de primeira man as s\u00faas necesidades e facilitar unha maior coordinaci\u00f3n entre os diferentes municipios que integran o xeodestino Costa da Morte<\/strong>.<\/p>\n\n\n\n<p class=\"wp-block-paragraph\">A asociaci\u00f3n afronta agora o tramo final do ano, no que continuar\u00e1 avanzando nos proxectos e acci\u00f3ns xa en marcha, ao tempo que se centrar\u00e1 no peche das iniciativas previstas para 2026 e na preparaci\u00f3n do pr\u00f3ximo Encontro de Turismo Anual da Costa da Morte.<\/p>\n","protected":false},"excerpt":{"rendered":"<p>A reuni\u00f3n celebrada en Fisterra abordou, entre outras cuesti\u00f3ns, os proxectos GALP, o turismo de autocaravanas e a organizaci\u00f3n do VI Encontro de Turismo Anual da Costa da Morte<\/p>\n","protected":false},"author":14,"featured_media":86655,"comment_status":"open","ping_status":"closed","sticky":false,"template":"","format":"standard","meta":{"slim_seo":{"title":"A CMAT contin\u00faa coas reuni\u00f3ns presenciais nos concellos para achegar a xesti\u00f3n da asociaci\u00f3n ao territorio - Costa da Morte","description":"A reuni\u00f3n celebrada en Fisterra abordou, entre outras cuesti\u00f3ns, os proxectos GALP, o turismo de autocaravanas e a organizaci\u00f3n do VI Encontro de Turismo Anual"},"page_builder":"","_slim_seo_primary_term_category":106,"_slim_seo_primary_term_post_tag":523,"footnotes":""},"categories":[106],"tags":[523,1220,127],"class_list":["post-86656","post","type-post","status-publish","format-standard","has-post-thumbnail","hentry","category-novas","tag-cmat-gl","tag-directiva-da-cmat-gl","tag-fisterra-gl"],"_links":{"self":[{"href":"https:\/\/visitacostadamorte.com\/gl\/wp-json\/wp\/v2\/posts\/86656","targetHints":{"allow":["GET"]}}],"collection":[{"href":"https:\/\/visitacostadamorte.com\/gl\/wp-json\/wp\/v2\/posts"}],"about":[{"href":"https:\/\/visitacostadamorte.com\/gl\/wp-json\/wp\/v2\/types\/post"}],"author":[{"embeddable":true,"href":"https:\/\/visitacostadamorte.com\/gl\/wp-json\/wp\/v2\/users\/14"}],"replies":[{"embeddable":true,"href":"https:\/\/visitacostadamorte.com\/gl\/wp-json\/wp\/v2\/comments?post=86656"}],"version-history":[{"count":1,"href":"https:\/\/visitacostadamorte.com\/gl\/wp-json\/wp\/v2\/posts\/86656\/revisions"}],"predecessor-version":[{"id":86657,"href":"https:\/\/visitacostadamorte.com\/gl\/wp-json\/wp\/v2\/posts\/86656\/revisions\/86657"}],"wp:featuredmedia":[{"embeddable":true,"href":"https:\/\/visitacostadamorte.com\/gl\/wp-json\/wp\/v2\/media\/86655"}],"wp:attachment":[{"href":"https:\/\/visitacostadamorte.com\/gl\/wp-json\/wp\/v2\/media?parent=86656"}],"wp:term":[{"taxonomy":"category","embeddable":true,"href":"https:\/\/visitacostadamorte.com\/gl\/wp-json\/wp\/v2\/categories?post=86656"},{"taxonomy":"post_tag","embeddable":true,"href":"https:\/\/visitacostadamorte.com\/gl\/wp-json\/wp\/v2\/tags?post=86656"}],"curies":[{"name":"wp","href":"https:\/\/api.w.org\/{rel}","templated":true}]}}