{"id":81063,"date":"2026-04-28T19:26:31","date_gmt":"2026-04-28T17:26:31","guid":{"rendered":"https:\/\/visitacostadamorte.com\/?p=81063"},"modified":"2026-04-28T19:27:42","modified_gmt":"2026-04-28T17:27:42","slug":"a-costa-da-morte-reconece-o-compromiso-coa-calidade-turistica-na-entrega-dos-diplomas-sicted","status":"publish","type":"post","link":"https:\/\/visitacostadamorte.com\/gl\/novas\/a-costa-da-morte-reconece-o-compromiso-coa-calidade-turistica-na-entrega-dos-diplomas-sicted","title":{"rendered":"A Costa da Morte reco\u00f1ece o compromiso coa calidade tur\u00edstica na entrega dos diplomas SICTED"},"content":{"rendered":"\n<p>A xornada abriu coa intervenci\u00f3n da alcaldesa anfitrioa, <strong>M\u00f3nica Rodr\u00edguez<\/strong>, quen deu a benvida \u00e1s persoas asistentes nun acto que contou tam\u00e9n con representaci\u00f3n do resto de concellos socios da CMAT. Seguidamente, o presidente da CMAT e alcalde da Laracha, <strong>Jos\u00e9 Manuel L\u00f3pez<\/strong>, foi o encargado de presentar o acto, subli\u00f1ando a importancia do traballo conxunto entre administraci\u00f3ns e empresas con programas como o SICTED, para seguir mellorando a calidade e a profesionalizaci\u00f3n do sector tur\u00edstico da Costa da Morte.<\/p>\n\n\n\n<p>Durante o acto tam\u00e9n tomou a palabra o subdelegado do Goberno na Coru\u00f1a, <strong>Julio Abalde<\/strong>, quen puxo en valor a importancia de dotar \u00e1s empresas e entidades tur\u00edsticas da formaci\u00f3n necesaria para avanzar cara a un modelo de <strong>turismo sostible<\/strong>, capaz de xerar desenvolvemento econ\u00f3mico no territorio.<\/p>\n\n\n\n<p>O vicepresidente da Deputaci\u00f3n da Coru\u00f1a e deputado de Turismo, <strong>Xos\u00e9 Regueira<\/strong>, destacou a relevancia de iniciativas como esta para mellorar os servizos municipais e a experiencia das persoas visitantes, incidindo en que a boa xesti\u00f3n do turismo \u00e9 clave para xerar econom\u00eda, emprego e fixar poboaci\u00f3n no territorio.<\/p>\n\n\n\n<p>Pola s\u00faa banda, o director da Axencia Turismo de Galicia, <strong>Xos\u00e9 Merelles<\/strong>, fixo fincap\u00e9 en que a Costa da Morte \u00e9 un claro exemplo de crecemento tur\u00edstico, sinalando que os bos datos acadados responden ao traballo que se est\u00e1 a facer no destino desde a <strong>colaboraci\u00f3n p\u00fablico-privada<\/strong>.<\/p>\n\n\n\n<p>Tam\u00e9n interveu <strong>Pepe Formoso<\/strong>, vogal da CMAT e presidente da APTCM, quen trasladou a visi\u00f3n do sector empresarial, incidindo en que este \u00e9 un cami\u00f1o que s\u00f3 \u00e9 posible desde o compromiso colectivo, demostrando que a colaboraci\u00f3n entre todos os axentes \u00e9 clave para avanzar cara a un modelo tur\u00edstico sostible.<\/p>\n\n\n\n<p>Pechou a rolda de intervenci\u00f3ns <strong>Emilio Cu\u00ed\u00f1as<\/strong>, director de Autoxiro e consultor SICTED, quen fixo balance do programa, sinalando o nivel de implicaci\u00f3n das empresas participantes e as novidades para esta anualidade coa nova plataforma.<\/p>\n\n\n\n<p>O acto culminou coa entrega dos diplomas e distintivos SICTED, na que participaron todos os representantes institucionais, a un total de <strong>33 establecementos correspondentes ao Ciclo 3 da anualidade 2025<\/strong>. Este reco\u00f1ecemento pon en valor o seu esforzo continuo por mellorar a calidade dos servizos tur\u00edsticos no destino: <strong>8 hoteis e apartamentos tur\u00edsticos, 2 empresas de turismo activo, 8 aloxamentos rurais, 5 museos e centros de interese tur\u00edstico visitable, 2 albergues, 7 oficinas de informaci\u00f3n tur\u00edstica e 1 establecemento de turismo de benestar<\/strong>.<\/p>\n\n\n\n<ol class=\"wp-block-list\">\n<li><strong>Oficina de Turismo de Cai\u00f3n<\/strong> (A Laracha)<\/li>\n\n\n\n<li><strong>Centro de Interpretaci\u00f3n de los Molinos de Agua de la Costa da Morte<\/strong> (A Laracha)<\/li>\n\n\n\n<li><strong>Turismo Rural O Xastre de Anos<\/strong> (Cabana de Berganti\u00f1os)<\/li>\n\n\n\n<li><strong>Oficina de Turismo de Carballo<\/strong> (Carballo)<\/li>\n\n\n\n<li><strong>Balneario de Carballo<\/strong> (Carballo)<\/li>\n\n\n\n<li><strong>Casa Rural Mar de Queo<\/strong> (Carballo)<\/li>\n\n\n\n<li><strong>Mar de Preciosa<\/strong> (Camari\u00f1as)<\/li>\n\n\n\n<li><strong>Refuxio do N\u00e1ufrago<\/strong> (Camari\u00f1as)<\/li>\n\n\n\n<li><strong>Oficina de Informaci\u00f3n Tur\u00edstica de Carnota<\/strong> (Carnota)<\/li>\n\n\n\n<li><strong>Hotel Faro de Lari\u00f1o<\/strong> (Carnota)<\/li>\n\n\n\n<li><strong>Oficina de Informaci\u00f3n Tur\u00edstica de Cee<\/strong> (Cee)<\/li>\n\n\n\n<li><strong>As Heiras Hotel<\/strong> (Cee)<\/li>\n\n\n\n<li><strong>Atlantis Adventure<\/strong> (Cee)<\/li>\n\n\n\n<li><strong>Museo da Pataca<\/strong> (Coristanco)<\/li>\n\n\n\n<li><strong>Oficina Informaci\u00f3n Tur\u00edstica O \u00c9zaro &#8211; Dumbr\u00eda<\/strong> (Dumbr\u00eda)<\/li>\n\n\n\n<li><strong>Adventur\u00c9zaro-Kayak\u00c9zaro<\/strong> (Dumbr\u00eda)<\/li>\n\n\n\n<li><strong>Hotel Bela Fisterra<\/strong> (Fisterra)<\/li>\n\n\n\n<li><strong>Hotel Sem\u00e1foro de Fisterra<\/strong> (Fisterra)<\/li>\n\n\n\n<li><strong>Oficina Municipal de Informaci\u00f3n Tur\u00edstica de Laxe<\/strong> (Laxe)<\/li>\n\n\n\n<li><strong>Museo do Mar<\/strong> (Laxe)<\/li>\n\n\n\n<li><strong>Hotel Playa de Laxe<\/strong> (Laxe)<\/li>\n\n\n\n<li><strong>Centro de Artesan\u00eda e Tradici\u00f3n (CAT)<\/strong> (Malpica de Berganti\u00f1os)<\/li>\n\n\n\n<li><strong>Casa da Vasca<\/strong> (Malpica de Berganti\u00f1os)<\/li>\n\n\n\n<li><strong>Casa Casti\u00f1eira<\/strong> (Mux\u00eda)<\/li>\n\n\n\n<li><strong>Albergue Bela Mux\u00eda<\/strong> (Mux\u00eda)<\/li>\n\n\n\n<li><strong>Apartamentos Touri\u00f1an Mar<\/strong> (Mux\u00eda)<\/li>\n\n\n\n<li><strong>Casa de Trillo<\/strong> (Mux\u00eda)<\/li>\n\n\n\n<li><strong>A de Lol\u00f3 Alojamiento con encanto<\/strong> (Mux\u00eda)<\/li>\n\n\n\n<li><strong>A Casa da Canle<\/strong> (Vimianzo)<\/li>\n\n\n\n<li><strong>Casas da Fontenla CB<\/strong> (Vimianzo)<\/li>\n\n\n\n<li><strong>Castelo de Vimianzo<\/strong> (Vimianzo)<\/li>\n\n\n\n<li><strong>Torres do Allo<\/strong> (Zas)<\/li>\n\n\n\n<li><strong>Hotel R\u00fastico Casa do Vento<\/strong> (Zas)<\/li>\n<\/ol>\n\n\n\n<p>Con esta iniciativa, a <strong>Costa da Morte<\/strong> contin\u00faa avanzando cara a un modelo tur\u00edstico sostible, baseado na profesionalizaci\u00f3n, na cooperaci\u00f3n entre axentes e na posta en valor dos recursos propios. As\u00ed mesmo, nas pr\u00f3ximas semanas comunicarase a apertura dun novo per\u00edodo de inscrici\u00f3n para aquelas entidades interesadas en adherirse ao programa SICTED, xunto coa informaci\u00f3n sobre a formaci\u00f3n dispo\u00f1ible e o procedemento a seguir.<\/p>\n\n\n\n<figure class=\"wp-block-image size-large\"><img fetchpriority=\"high\" decoding=\"async\" width=\"1024\" height=\"430\" src=\"https:\/\/visitacostadamorte.com\/wp-content\/uploads\/Mesa-SICTED-CMAT-1024x430.jpg\" alt=\"Mesa SICTED CMAT\" class=\"wp-image-81059\" srcset=\"https:\/\/visitacostadamorte.com\/wp-content\/uploads\/Mesa-SICTED-CMAT-1024x430.jpg 1024w, https:\/\/visitacostadamorte.com\/wp-content\/uploads\/Mesa-SICTED-CMAT-300x126.jpg 300w, https:\/\/visitacostadamorte.com\/wp-content\/uploads\/Mesa-SICTED-CMAT-768x323.jpg 768w, https:\/\/visitacostadamorte.com\/wp-content\/uploads\/Mesa-SICTED-CMAT.jpg 1500w\" sizes=\"(max-width: 1024px) 100vw, 1024px\" \/><figcaption class=\"wp-element-caption\">Mesa SICTED CMAT<\/figcaption><\/figure>\n","protected":false},"excerpt":{"rendered":"<p>A Costa da Morte volve po\u00f1er en valor o traballo do seu tecido tur\u00edstico coa celebraci\u00f3n do acto de entrega dos distintivos SICTED \u2014Sistema Integral de Calidade Tur\u00edstica en Destinos\u2014 correspondentes \u00e1 anualidade 2025. O evento tivo lugar o martes 28 de abril de 2026 en Vimianzo, e contou coa participaci\u00f3n de representantes institucionais, profesionais do sector e persoal t\u00e9cnico vinculado ao turismo.<\/p>\n","protected":false},"author":7,"featured_media":81062,"comment_status":"open","ping_status":"closed","sticky":false,"template":"","format":"standard","meta":{"_angie_page":false,"slim_seo":{"title":"A Costa da Morte reco\u00f1ece o compromiso coa calidade tur\u00edstica na entrega dos diplomas SICTED - Costa da Morte","description":"A Costa da Morte volve po\u00f1er en valor o traballo do seu tecido tur\u00edstico coa celebraci\u00f3n do acto de entrega dos distintivos SICTED \u2014Sistema Integral de Calidade"},"page_builder":"","footnotes":""},"categories":[106],"tags":[525,1372,1269,1267,541],"class_list":["post-81063","post","type-post","status-publish","format-standard","has-post-thumbnail","hentry","category-novas","tag-calidade-turistica","tag-jose-manuel-merelles","tag-monica-rodriguez-ordonez-gl","tag-pepe-formoso-gl","tag-sicted-gl"],"_links":{"self":[{"href":"https:\/\/visitacostadamorte.com\/gl\/wp-json\/wp\/v2\/posts\/81063","targetHints":{"allow":["GET"]}}],"collection":[{"href":"https:\/\/visitacostadamorte.com\/gl\/wp-json\/wp\/v2\/posts"}],"about":[{"href":"https:\/\/visitacostadamorte.com\/gl\/wp-json\/wp\/v2\/types\/post"}],"author":[{"embeddable":true,"href":"https:\/\/visitacostadamorte.com\/gl\/wp-json\/wp\/v2\/users\/7"}],"replies":[{"embeddable":true,"href":"https:\/\/visitacostadamorte.com\/gl\/wp-json\/wp\/v2\/comments?post=81063"}],"version-history":[{"count":1,"href":"https:\/\/visitacostadamorte.com\/gl\/wp-json\/wp\/v2\/posts\/81063\/revisions"}],"predecessor-version":[{"id":81064,"href":"https:\/\/visitacostadamorte.com\/gl\/wp-json\/wp\/v2\/posts\/81063\/revisions\/81064"}],"wp:featuredmedia":[{"embeddable":true,"href":"https:\/\/visitacostadamorte.com\/gl\/wp-json\/wp\/v2\/media\/81062"}],"wp:attachment":[{"href":"https:\/\/visitacostadamorte.com\/gl\/wp-json\/wp\/v2\/media?parent=81063"}],"wp:term":[{"taxonomy":"category","embeddable":true,"href":"https:\/\/visitacostadamorte.com\/gl\/wp-json\/wp\/v2\/categories?post=81063"},{"taxonomy":"post_tag","embeddable":true,"href":"https:\/\/visitacostadamorte.com\/gl\/wp-json\/wp\/v2\/tags?post=81063"}],"curies":[{"name":"wp","href":"https:\/\/api.w.org\/{rel}","templated":true}]}}