{"id":73940,"date":"2025-10-28T20:46:51","date_gmt":"2025-10-28T19:46:51","guid":{"rendered":"https:\/\/visitacostadamorte.com\/?p=73940"},"modified":"2025-11-03T21:06:36","modified_gmt":"2025-11-03T20:06:36","slug":"marta-lado-iii-embaixadora-da-costa-da-morte-2025","status":"publish","type":"post","link":"https:\/\/visitacostadamorte.com\/gl\/novas\/marta-lado-iii-embaixadora-da-costa-da-morte-2025","title":{"rendered":"Marta Lado, III Embaixadora da Costa da Morte 2025"},"content":{"rendered":"\n<p>A <strong>Costa da Morte Asociaci\u00f3n Tur\u00edstica (CMAT)<\/strong> anunciou que <strong>Marta Lado<\/strong>, reco\u00f1ecida profesional do sector audiovisual e firme defensora da identidade e da sostibilidade do territorio, ser\u00e1 distinguida co t\u00edtulo de <strong>\u201cEmbaixadora da Costa da Morte 2025\u201d<\/strong>.<\/p>\n\n\n\n<p>O reco\u00f1ecemento entregarase o <strong>martes 11 de novembro<\/strong>, durante a celebraci\u00f3n do <strong>V Encontro Anual de Turismo da Costa da Morte<\/strong>, que ter\u00e1 lugar no <strong>Pazo de Villar de Francos<\/strong>, en Carballo. Este galard\u00f3n, de car\u00e1cter anual, premia a traxectoria e o compromiso de persoas que contrib\u00faen \u00e1 proxecci\u00f3n da Costa da Morte dentro e f\u00f3ra de Galicia.<\/p>\n\n\n\n<h3 class=\"wp-block-heading\">Unha traxectoria comprometida coa Costa da Morte<\/h3>\n\n\n\n<p><strong>Marta Lado<\/strong>, natural de Fisterra, \u00e9 unha das actrices galegas con maior proxecci\u00f3n e unha firme defensora da identidade e da beleza da Costa da Morte, territorio ao que permanece profundamente unida tanto no persoal como no profesional.<\/p>\n\n\n\n<p>Licenciada en Arte Dram\u00e1tica pola <strong>ESAD de Galicia<\/strong>, a s\u00faa carreira cinematogr\u00e1fica consolidouse co seu papel protagonista en <strong>\u201cSicixia\u201d<\/strong>, unha obra que reivindica as paisaxes e a cultura popular da Costa da Morte, dirixida por <strong>Ignacio Vilar<\/strong>. Por esta interpretaci\u00f3n, Marta Lado recibiu o <strong>Premio \u00e1 Mellor Actriz<\/strong> no <strong>Festival Cinespa\u00f1a de Toulouse<\/strong>, reco\u00f1ecemento que a situou entre as voces m\u00e1is destacadas do audiovisual galego.<\/p>\n\n\n\n<p>En palabras da propia Marta, a Costa da Morte \u00e9 \u201cun lugar que ten algo que non se pode explicar, unha forza e unha beleza que te atrapan\u201d. Esa conexi\u00f3n coa terra refl\u00edctese tam\u00e9n nos seus proxectos culturais e educativos, nos que promove valores de respecto pola natureza, a lingua e as tradici\u00f3ns locais.<\/p>\n\n\n\n<p>Ademais da s\u00faa traxectoria como actriz, Marta desenvolveu diversas iniciativas vencelladas \u00e1 cultura e \u00e1 creaci\u00f3n literaria, sempre co obxectivo de po\u00f1er en valor a autenticidade e a riqueza humana do territorio.<\/p>\n\n\n\n<p>Por todo isto, a <strong>Xunta Directiva da Costa da Morte Asociaci\u00f3n Tur\u00edstica (CMAT)<\/strong> elixiuna como <strong>Embaixadora da Costa da Morte 2025<\/strong>, en reco\u00f1ecemento ao seu compromiso, sensibilidade e capacidade para proxectar ao mundo o car\u00e1cter \u00fanico desta terra.<\/p>\n\n\n\n<h3 class=\"wp-block-heading\">V Encontro Anual de Turismo da Costa da Morte<\/h3>\n\n\n\n<p>O <strong>martes 11 de novembro \u00e1s 18:00 h<\/strong>, a <strong>CMAT<\/strong> celebrar\u00e1 o <strong>V Encontro de Turismo da Costa da Morte<\/strong> no <strong>Pazo de Villar de Francos<\/strong> (Carballo). Tr\u00e1tase dun evento anual que promove o intercambio de experiencias entre profesionais, administraci\u00f3ns e entidades vinculadas ao desenvolvemento econ\u00f3mico e social do xeodestino.<\/p>\n\n\n\n<p>Nesta edici\u00f3n, ademais da entrega do reco\u00f1ecemento \u00e1 <strong>Embaixadora da Costa da Morte 2025<\/strong>, o programa incluir\u00e1 mesas de debate e relatorios centrados na colaboraci\u00f3n p\u00fablico-privada, a innovaci\u00f3n e os novos retos do turismo sostible.<\/p>\n","protected":false},"excerpt":{"rendered":"<p>A Xunta Directiva da CMAT acordou entregar este reco\u00f1ecemento \u00e1 actriz fisterr\u00e1 durante a V edici\u00f3n do Encontro de Turismo da Costa da Morte.<\/p>\n","protected":false},"author":7,"featured_media":73939,"comment_status":"open","ping_status":"closed","sticky":false,"template":"","format":"standard","meta":{"_angie_page":false,"slim_seo":{"title":"Marta Lado, III Embaixadora da Costa da Morte 2025 - Costa da Morte","description":"A Xunta Directiva da CMAT acordou entregar este reco\u00f1ecemento \u00e1 actriz fisterr\u00e1 durante a V edici\u00f3n do Encontro de Turismo da Costa da Morte."},"page_builder":"","footnotes":""},"categories":[106],"tags":[529,1302],"class_list":["post-73940","post","type-post","status-publish","format-standard","has-post-thumbnail","hentry","category-novas","tag-embaixador-costa-da-morte","tag-marta-lado-2"],"_links":{"self":[{"href":"https:\/\/visitacostadamorte.com\/gl\/wp-json\/wp\/v2\/posts\/73940","targetHints":{"allow":["GET"]}}],"collection":[{"href":"https:\/\/visitacostadamorte.com\/gl\/wp-json\/wp\/v2\/posts"}],"about":[{"href":"https:\/\/visitacostadamorte.com\/gl\/wp-json\/wp\/v2\/types\/post"}],"author":[{"embeddable":true,"href":"https:\/\/visitacostadamorte.com\/gl\/wp-json\/wp\/v2\/users\/7"}],"replies":[{"embeddable":true,"href":"https:\/\/visitacostadamorte.com\/gl\/wp-json\/wp\/v2\/comments?post=73940"}],"version-history":[{"count":1,"href":"https:\/\/visitacostadamorte.com\/gl\/wp-json\/wp\/v2\/posts\/73940\/revisions"}],"predecessor-version":[{"id":73941,"href":"https:\/\/visitacostadamorte.com\/gl\/wp-json\/wp\/v2\/posts\/73940\/revisions\/73941"}],"wp:featuredmedia":[{"embeddable":true,"href":"https:\/\/visitacostadamorte.com\/gl\/wp-json\/wp\/v2\/media\/73939"}],"wp:attachment":[{"href":"https:\/\/visitacostadamorte.com\/gl\/wp-json\/wp\/v2\/media?parent=73940"}],"wp:term":[{"taxonomy":"category","embeddable":true,"href":"https:\/\/visitacostadamorte.com\/gl\/wp-json\/wp\/v2\/categories?post=73940"},{"taxonomy":"post_tag","embeddable":true,"href":"https:\/\/visitacostadamorte.com\/gl\/wp-json\/wp\/v2\/tags?post=73940"}],"curies":[{"name":"wp","href":"https:\/\/api.w.org\/{rel}","templated":true}]}}