{"id":72870,"date":"2025-09-28T11:23:17","date_gmt":"2025-09-28T09:23:17","guid":{"rendered":"https:\/\/visitacostadamorte.com\/?p=72870"},"modified":"2025-09-28T11:23:18","modified_gmt":"2025-09-28T09:23:18","slug":"o-premio-aecit-de-sostibilidade-recae-na-costa-da-morte-o-bela-fisterra-marca-o-camino","status":"publish","type":"post","link":"https:\/\/visitacostadamorte.com\/gl\/novas\/o-premio-aecit-de-sostibilidade-recae-na-costa-da-morte-o-bela-fisterra-marca-o-camino","title":{"rendered":"O premio AECIT de Sostibilidade recae na Costa da Morte: o Bela Fisterra marca o cami\u00f1o"},"content":{"rendered":"\n<p>A Asociaci\u00f3n Espa\u00f1ola de Expertos Cient\u00edficos en Turismo (AECIT) v\u00e9n de reco\u00f1ecer ao <strong>Hotel Literario Bela Fisterra<\/strong> co premio na categor\u00eda de <strong>Sostibilidade en Turismo<\/strong> \u201cpolo seu modelo ecoinnovador\u201d e polo seu firme compromiso co medio ambiente e coa cultura local. Un galard\u00f3n que sit\u00faa de novo \u00e1 <strong>Costa da Morte<\/strong> como <strong>destino tur\u00edstico de calidade<\/strong>, onde a diferenciaci\u00f3n pasa pola autenticidade, o respecto polo territorio e a creaci\u00f3n de experiencias con valor engadido.<\/p>\n\n\n\n<p>O m\u00e9rito ten nome e apelidos: <strong>Pepe Formoso<\/strong>, impulsor e alma mater do proxecto, leva anos demostrando que \u00e9 posible xestionar un aloxamento cunha visi\u00f3n integral\u2014ambiental, cultural e social\u2014que inspira ao viaxeiro e deixa pegada positiva no destino. Baixo a s\u00faa direcci\u00f3n, o Bela Fisterra converteuse nun espazo que dialoga coa literatura e co oc\u00e9ano, que coida os recursos, promove o talento local e convida a descubrir Fisterra e a Costa da Morte dun xeito pausado, respectuoso e memorable.<\/p>\n\n\n\n<p>O reco\u00f1ecemento de AECIT\u2014na s\u00faa segunda edici\u00f3n dos premios\u2014subli\u00f1a tam\u00e9n a traxectoria dun sector que avanza cara \u00e1 innovaci\u00f3n responsable. No mesmo acto, celebrado no edificio de Sa Riera da UIB (Universitat de les Illes Balears), entreg\u00e1ronse outros galard\u00f3ns que completan a fotograf\u00eda dun turismo con futuro: <strong>Innovaci\u00f3n en Turismo<\/strong> para <strong>Anysolution<\/strong>; <strong>Turismo de Sa\u00fade e Benestar<\/strong> para o <strong>Balneario de Archena<\/strong>; <strong>Comunicaci\u00f3n en Turismo<\/strong> para <strong>Nexotur<\/strong>; e o <strong>Premio \u00e1 Traxectoria Empresarial<\/strong> para <strong>Juan Cabrera Rodr\u00edguez (Mol\u00ed d\u2019es Comte)<\/strong>.<\/p>\n\n\n\n<p>Desde a CMAT felicitamos a Pepe Formoso e ao equipo do <strong>Bela Fisterra<\/strong> por este logro que reforza a mensaxe clave do noso territorio: <strong>a Costa da Morte \u00e9 calidade<\/strong>, \u00e9 identidade e \u00e9 sostibilidade feita realidade. Un destino que se constr\u00fae d\u00eda a d\u00eda grazas a profesionais que, como Pepe, po\u00f1en coraz\u00f3n, talento e compromiso ao servizo dunha experiencia tur\u00edstica exemplar.<\/p>\n\n\n\n<p><\/p>\n","protected":false},"excerpt":{"rendered":"<p>A Costa da Morte volve estar no mapa do turismo sostible: a AECIT premia ao Hotel Literario Bela Fisterra polo seu modelo ecoinnovador e o compromiso co territorio. Un reco\u00f1ecemento que avala un xeito de viaxar aut\u00e9ntico, con pegada cultural e respecto polo medio. Descubre por que este premio marca un cami\u00f1o para todo o destino.<\/p>\n","protected":false},"author":7,"featured_media":72871,"comment_status":"open","ping_status":"closed","sticky":false,"template":"","format":"standard","meta":{"_angie_page":false,"slim_seo":{"title":"O premio AECIT de Sostibilidade recae na Costa da Morte: o Bela Fisterra marca o cami\u00f1o - Costa da Morte","description":"A Costa da Morte volve estar no mapa do turismo sostible: a AECIT premia ao Hotel Literario Bela Fisterra polo seu modelo ecoinnovador e o compromiso co territo"},"page_builder":"","footnotes":""},"categories":[48],"tags":[1261,1260],"class_list":["post-72870","post","type-post","status-publish","format-standard","has-post-thumbnail","hentry","category-noticias","tag-bela-fisterra","tag-pepe-formoso"],"_links":{"self":[{"href":"https:\/\/visitacostadamorte.com\/gl\/wp-json\/wp\/v2\/posts\/72870","targetHints":{"allow":["GET"]}}],"collection":[{"href":"https:\/\/visitacostadamorte.com\/gl\/wp-json\/wp\/v2\/posts"}],"about":[{"href":"https:\/\/visitacostadamorte.com\/gl\/wp-json\/wp\/v2\/types\/post"}],"author":[{"embeddable":true,"href":"https:\/\/visitacostadamorte.com\/gl\/wp-json\/wp\/v2\/users\/7"}],"replies":[{"embeddable":true,"href":"https:\/\/visitacostadamorte.com\/gl\/wp-json\/wp\/v2\/comments?post=72870"}],"version-history":[{"count":1,"href":"https:\/\/visitacostadamorte.com\/gl\/wp-json\/wp\/v2\/posts\/72870\/revisions"}],"predecessor-version":[{"id":72874,"href":"https:\/\/visitacostadamorte.com\/gl\/wp-json\/wp\/v2\/posts\/72870\/revisions\/72874"}],"wp:featuredmedia":[{"embeddable":true,"href":"https:\/\/visitacostadamorte.com\/gl\/wp-json\/wp\/v2\/media\/72871"}],"wp:attachment":[{"href":"https:\/\/visitacostadamorte.com\/gl\/wp-json\/wp\/v2\/media?parent=72870"}],"wp:term":[{"taxonomy":"category","embeddable":true,"href":"https:\/\/visitacostadamorte.com\/gl\/wp-json\/wp\/v2\/categories?post=72870"},{"taxonomy":"post_tag","embeddable":true,"href":"https:\/\/visitacostadamorte.com\/gl\/wp-json\/wp\/v2\/tags?post=72870"}],"curies":[{"name":"wp","href":"https:\/\/api.w.org\/{rel}","templated":true}]}}