{"id":67103,"date":"2025-02-15T13:45:16","date_gmt":"2025-02-15T12:45:16","guid":{"rendered":"https:\/\/visitacostadamorte.com\/?p=67103"},"modified":"2025-02-17T14:25:49","modified_gmt":"2025-02-17T13:25:49","slug":"que-festas-gastronomicas-hai-na-costa-da-morte","status":"publish","type":"post","link":"https:\/\/visitacostadamorte.com\/gl\/blog\/que-festas-gastronomicas-hai-na-costa-da-morte","title":{"rendered":"Que festas gastron\u00f3micas hai na Costa da Morte?"},"content":{"rendered":"\n<p>Preg\u00fantaste que festas gastron\u00f3micas hai na Costa da Morte? Aqu\u00ed traemos a selecci\u00f3n completa!<\/p>\n\n\n\n<p>A gastronom\u00eda \u00e9 un pilar fundamental na cultura galega e Costa da Morte non \u00eda ser unha excepci\u00f3n \u00e1 hora de celebralo. Son moitas as festas que se celebran ao longo de todo o ano en honra a un alimento concreto ou a unha receita en xeral.<\/p>\n\n\n\n<p>Queres co\u00f1ecelas? Segue lendo!<\/p>\n\n\n\n<h2 class=\"wp-block-heading\">Festa da Filloa, Loro\u00f1o, Zas<\/h2>\n\n\n\n<p>Celebrase o \u00faltimo s\u00e1bado de febreiro.<\/p>\n\n\n\n<p>Este produto tradicional, tan t\u00edpico da \u00e9poca de entroido, ten a s\u00faa propia festa. P\u00f3dese degustar tanto salgado como doce.<\/p>\n\n\n\n<h2 class=\"wp-block-heading\">Festa do Bolo do Pote, A Picota, Mazaricos<\/h2>\n\n\n\n<p>Cel\u00e9brase o primeiro fin de semana de marzo.<\/p>\n\n\n\n<p>Grazas a esta festa recuperouse un produto tradicional: o bolo do pote. Nesta festa poder\u00e1s degustar estes bolos feitos de fari\u00f1a de millo e centeo que se acompa\u00f1an de chourizo e touci\u00f1o.<\/p>\n\n\n\n<h2 class=\"wp-block-heading\">Festa do Cocido Galego en San Mamede, Carnota<\/h2>\n\n\n\n<p>Cel\u00e9brase o terceiro s\u00e1bado de marzo.<\/p>\n\n\n\n<p><br>Deg\u00fastase cocido galego, as\u00ed como outros pratos t\u00edpicos como orella, empanada ou filloas.<\/p>\n\n\n\n<h2 class=\"wp-block-heading\">Festa do Congro, Mux\u00eda<\/h2>\n\n\n\n<p>Cel\u00e9brase o venres santo.<\/p>\n\n\n\n<p>O congrio \u00e9 un dos produtos m\u00e1is t\u00edpicos de Mux\u00eda, onde podemos atopar os seus caracter\u00edsticos secadeiros. Este d\u00eda poderase degustar este peixe de moitas maneiras e gozar do bo ambiente no pobo.<\/p>\n\n\n\n<h2 class=\"wp-block-heading\">Festa do Raxo, Brantuas, Ponteceso<\/h2>\n\n\n\n<p>Cel\u00e9brase o primeiro s\u00e1bado de xu\u00f1o.<\/p>\n\n\n\n<p>Esta festa comeza cunha misa solemne e contin\u00faa cun baile e m\u00fasica tradicional. Despois, xa se entra na degustaci\u00f3n de raxo.<\/p>\n\n\n\n<h2 class=\"wp-block-heading\">Festa do Percebe, Corme, Ponteceso<\/h2>\n\n\n\n<p>Cel\u00e9brase o primeiro s\u00e1bado de xullo.<\/p>\n\n\n\n<p>O percebe \u00e9 un dos produtos m\u00e1is renomados do oc\u00e9ano e os do Roncudo levan a mellor fama. Por iso, cada ano, Corme celebra unha gran festa para degustar o seu ben m\u00e1is prezado.<\/p>\n\n\n\n<h2 class=\"wp-block-heading\">Feira das Cereixas, Paiosaco, A Laracha<\/h2>\n\n\n\n<p>Cel\u00e9brase o primeiro domingo do mes de xullo.<\/p>\n\n\n\n<p>Hai d\u00e9cadas, a produci\u00f3n de cereixas ti\u00f1a unha gran importancia na zona e esta festa segue viva para recordalo. Esta feira naceu para vender esas cereixas que xa empezaban a estar maduras.<\/p>\n\n\n\n<p><br>Actualmente, mantense a festa para celebrar con m\u00e1is cultura e goce.<\/p>\n\n\n\n<figure class=\"wp-block-image size-large\"><img fetchpriority=\"high\" decoding=\"async\" width=\"1024\" height=\"683\" src=\"https:\/\/visitacostadamorte.com\/wp-content\/uploads\/Feira-das-Cereixas-2-1024x683.jpg\" alt=\"Feira Das Cereixas 2\" class=\"wp-image-62739\" srcset=\"https:\/\/visitacostadamorte.com\/wp-content\/uploads\/Feira-das-Cereixas-2-1024x683.jpg 1024w, https:\/\/visitacostadamorte.com\/wp-content\/uploads\/Feira-das-Cereixas-2-300x200.jpg 300w, https:\/\/visitacostadamorte.com\/wp-content\/uploads\/Feira-das-Cereixas-2-768x512.jpg 768w, https:\/\/visitacostadamorte.com\/wp-content\/uploads\/Feira-das-Cereixas-2.jpg 1500w\" sizes=\"(max-width: 1024px) 100vw, 1024px\" \/><\/figure>\n\n\n\n<h2 class=\"wp-block-heading\">Fagu\u00eda, Carn\u00e9s, Vimianzo<\/h2>\n\n\n\n<p>Cel\u00e9brase cada 9 de xullo.<\/p>\n\n\n\n<p>Esta \u00e9 unha das festas gastron\u00f3micas m\u00e1is antigas de Galicia. Est\u00e1 dedicada aos callos. Prep\u00e1rase unha gran cantidade deste prato e s\u00e9guese degustando. Aproveitase para celebrar con m\u00fasica durante os d\u00edas seguintes.<\/p>\n\n\n\n<h2 class=\"wp-block-heading\">Festa do Longueir\u00f3n, Fisterra<\/h2>\n\n\n\n<p>Cel\u00e9brase o primeiro fin de semana de agosto.<\/p>\n\n\n\n<p>A praia de Langosteira destaca \u00e1 hora de conseguir moito longueir\u00f3n e fixeron unha festa para celebralo. Deg\u00fastase este marisco e aprove\u00edtase tam\u00e9n para celebrar o Encontro Pirata. Todo isto con moita m\u00fasica e bo ambiente.<\/p>\n\n\n\n<h2 class=\"wp-block-heading\">Festa do Pichorro, Cances, Carballo<\/h2>\n\n\n\n<p>Cel\u00e9brase a segunda quincena de agosto.<\/p>\n\n\n\n<p>\u00c9 unha festa de recente creaci\u00f3n na que se degusta, con pementos e cachelos, o \u201cpichorro\u201d, que \u00e9 millo antes de madurar.<\/p>\n\n\n\n<h2 class=\"wp-block-heading\">Festa do Berberecho en Baldaio, Carballo<\/h2>\n\n\n\n<p>Cel\u00e9brase o terceiro s\u00e1bado de agosto.<\/p>\n\n\n\n<p><br>O berberecho \u00e9 un marisco moi ben prezado, como todos os que se recollen na Costa da Morte e en Baldaio te\u00f1en unha festa en seu honor. Hai degustaci\u00f3n de berberechos con diferentes receitas. A m\u00fasica non faltar\u00e1!<\/p>\n\n\n\n<h2 class=\"wp-block-heading\">Festa do Porco ao espeto, Cabana de Berganti\u00f1os<\/h2>\n\n\n\n<p>Cel\u00e9brase o primeiro venres de setembro.<\/p>\n\n\n\n<p><br>Na parroquia de O Esto, x\u00fantase toda a comarca para gozar de raci\u00f3ns e boa m\u00fasica.<\/p>\n\n\n\n<h2 class=\"wp-block-heading\">Festa da Pataca, Coristanco<\/h2>\n\n\n\n<p>Cel\u00e9brase o segundo fin de semana de setembro.<\/p>\n\n\n\n<p>As patacas da zona te\u00f1en fama mundial e, por iso, contan coa s\u00faa propia festa. Real\u00edzanse moitas actividades en relaci\u00f3n a este alimento: exposici\u00f3n de maquinaria agr\u00edcola, concurso de figuras con pataca, actividades da terra ou o concurso de tortas con pataca de Coristanco. Todo acompa\u00f1ado de actuaci\u00f3ns e concertos.<\/p>\n\n\n\n<figure class=\"wp-block-image size-full\"><img decoding=\"async\" width=\"900\" height=\"506\" src=\"https:\/\/visitacostadamorte.com\/wp-content\/uploads\/Festa-da-Pataca-Coristanco.jpg\" alt=\"Festa Da Pataca Coristanco\" class=\"wp-image-62286\" srcset=\"https:\/\/visitacostadamorte.com\/wp-content\/uploads\/Festa-da-Pataca-Coristanco.jpg 900w, https:\/\/visitacostadamorte.com\/wp-content\/uploads\/Festa-da-Pataca-Coristanco-300x169.jpg 300w, https:\/\/visitacostadamorte.com\/wp-content\/uploads\/Festa-da-Pataca-Coristanco-768x432.jpg 768w\" sizes=\"(max-width: 900px) 100vw, 900px\" \/><\/figure>\n\n\n\n<h2 class=\"wp-block-heading\">Festa gastron\u00f3mica de Soandres, A Laracha<\/h2>\n\n\n\n<p>Cel\u00e9brase o segundo fin de semana de outubro.<\/p>\n\n\n\n<p><br>Nesta festa b\u00f3tase man dunha boa comida en xeral. \u00c9 unha escusa para celebrar sen ter un alimento concreto no foco.<\/p>\n\n\n\n<h2 class=\"wp-block-heading\">Feira das Fabas, Ponteceso<\/h2>\n\n\n\n<p>Cel\u00e9brase o \u00faltimo s\u00e1bado de outubro.<\/p>\n\n\n\n<p>A finais de setembro e no mes de outubro \u00e9 a \u00e9poca da colleita das fabas. Por iso, comezan os festexos en seu honor. Nesta \u201cFeira das Fabas\u201d p\u00f3dese degustar fabada e gozar da m\u00fasica e outras actividades.<\/p>\n\n\n\n<h2 class=\"wp-block-heading\">Festa da Fabada, Paiosaco, A Laracha<\/h2>\n\n\n\n<p>Cel\u00e9brase o cuarto domingo de outubro.<\/p>\n\n\n\n<p>Nesta festa non pode faltar a degustaci\u00f3n da fabada.<\/p>\n\n\n\n<figure class=\"wp-block-image size-full\"><img decoding=\"async\" width=\"600\" height=\"350\" src=\"https:\/\/visitacostadamorte.com\/wp-content\/uploads\/Festa-da-Fabada-de-Paiosaco.jpg\" alt=\"Festa Da Fabada De Paiosaco\" class=\"wp-image-62307\" srcset=\"https:\/\/visitacostadamorte.com\/wp-content\/uploads\/Festa-da-Fabada-de-Paiosaco.jpg 600w, https:\/\/visitacostadamorte.com\/wp-content\/uploads\/Festa-da-Fabada-de-Paiosaco-300x175.jpg 300w\" sizes=\"(max-width: 600px) 100vw, 600px\" \/><\/figure>\n\n\n\n<p>E aqu\u00ed concl\u00fae a lista de festas gastron\u00f3micas da Costa da Morte, nas que probablemente falten alg\u00fans nomes. D\u00e9ixate encandilar polas festas gastron\u00f3micas da zona e mantente atento \u00e1 nosa axenda, onde publicamos todos os eventos que hai no noso territorio e os seus horarios.<\/p>\n\n\n\n<p>Se vas a algunha destas festas, non esquezas etiquetarnos na nosa conta de Instagram <a href=\"https:\/\/www.instagram.com\/visitacostadamorte\" title=\"\">@visitacostadamorte<\/a><\/p>\n\n\n\n<p><\/p>\n","protected":false},"excerpt":{"rendered":"<p>Preg\u00fantaste que festas gastron\u00f3micas hai na Costa da Morte? Aqu\u00ed traemos a selecci\u00f3n completa!<\/p>\n","protected":false},"author":7,"featured_media":62739,"comment_status":"open","ping_status":"closed","sticky":false,"template":"","format":"standard","meta":{"_angie_page":false,"slim_seo":{"title":"Que festas gastron\u00f3micas hai na Costa da Morte? - Costa da Morte","description":"Preg\u00fantaste que festas gastron\u00f3micas hai na Costa da Morte? Aqu\u00ed traemos a selecci\u00f3n completa!"},"page_builder":"","footnotes":""},"categories":[651],"tags":[1127,1128],"class_list":["post-67103","post","type-post","status-publish","format-standard","has-post-thumbnail","hentry","category-blog","tag-festas-gastronomicas-costa-da-morte","tag-que-festas-gastronomicas-hai-na-costa-da-morte"],"_links":{"self":[{"href":"https:\/\/visitacostadamorte.com\/gl\/wp-json\/wp\/v2\/posts\/67103","targetHints":{"allow":["GET"]}}],"collection":[{"href":"https:\/\/visitacostadamorte.com\/gl\/wp-json\/wp\/v2\/posts"}],"about":[{"href":"https:\/\/visitacostadamorte.com\/gl\/wp-json\/wp\/v2\/types\/post"}],"author":[{"embeddable":true,"href":"https:\/\/visitacostadamorte.com\/gl\/wp-json\/wp\/v2\/users\/7"}],"replies":[{"embeddable":true,"href":"https:\/\/visitacostadamorte.com\/gl\/wp-json\/wp\/v2\/comments?post=67103"}],"version-history":[{"count":0,"href":"https:\/\/visitacostadamorte.com\/gl\/wp-json\/wp\/v2\/posts\/67103\/revisions"}],"wp:featuredmedia":[{"embeddable":true,"href":"https:\/\/visitacostadamorte.com\/gl\/wp-json\/wp\/v2\/media\/62739"}],"wp:attachment":[{"href":"https:\/\/visitacostadamorte.com\/gl\/wp-json\/wp\/v2\/media?parent=67103"}],"wp:term":[{"taxonomy":"category","embeddable":true,"href":"https:\/\/visitacostadamorte.com\/gl\/wp-json\/wp\/v2\/categories?post=67103"},{"taxonomy":"post_tag","embeddable":true,"href":"https:\/\/visitacostadamorte.com\/gl\/wp-json\/wp\/v2\/tags?post=67103"}],"curies":[{"name":"wp","href":"https:\/\/api.w.org\/{rel}","templated":true}]}}