{"id":64198,"date":"2024-06-03T19:24:00","date_gmt":"2024-06-03T17:24:00","guid":{"rendered":"https:\/\/great-goldberg.213-199-36-195.plesk.page\/?p=64198"},"modified":"2024-10-17T19:37:36","modified_gmt":"2024-10-17T17:37:36","slug":"contaminacion-luminosa-dombate-cmat","status":"publish","type":"post","link":"https:\/\/visitacostadamorte.com\/gl\/novas\/contaminacion-luminosa-dombate-cmat","title":{"rendered":"A Asociaci\u00f3n de Turismo da Costa da Morte organiza en Dombate unha xornada sobre a contaminaci\u00f3n luminosa"},"content":{"rendered":"\n<p><strong>ZAS, 03\/06\/2024<\/strong>. A Asociaci\u00f3n de Turismo da Costa da Morte (CMAT) organiza, coa colaboraci\u00f3n do Concello de Cabana de Berganti\u00f1os e o apoio da Deputaci\u00f3n da Coru\u00f1a, unha xornada informativa para concienciar sobre o problema da contaminaci\u00f3n luminosa. O evento celebrarase entre as 19:30 e as 21 horas do m\u00e9rcores 12 de xu\u00f1o no Centro de Interpretaci\u00f3n do Dolmen de Dombate, en Cabana de Berganti\u00f1os.<\/p>\n\n\n\n<h2 class=\"wp-block-heading\">Presentaci\u00f3ns, casos pr\u00e1cticos e mesa redonda<\/h2>\n\n\n\n<p>O evento contar\u00e1 con diferentes relatorios para contextualizar sobre a problem\u00e1tica e expo\u00f1er casos pr\u00e1cticos de medidas que poden axudar a reducir a contaminaci\u00f3n luminosa. Durante o acto, participar\u00e1n persoas de renome no eido como Susana Mal\u00f3n, CEO de Lum\u00ednica Ambiental; Jorge Mira, Catedr\u00e1tico de F\u00edsica Aplicada da USC; ou Jes\u00fas Andr\u00e9s Castellot, Responsable de Servizos Enerx\u00e9ticos da empresa Ingesan.<\/p>\n\n\n\n<p>Para finalizar a xornada, farase unha mesa redonda sobre as oportunidades que o Astroturismo ofrece para a Costa da Morte como Destino Starlight, na que participar\u00e1n o propio Jorge Mira; Marta Rodr\u00edguez, da Secretar\u00eda t\u00e9cnica da CMAT e Jos\u00e9 Mu\u00ed\u00f1o, Alcalde de Cabana de Berganti\u00f1os.<br>Ao rematar a xornada, haber\u00e1 un pequeno c\u00f3ctel que servir\u00e1 como espazo para o intercambio de ideas entre asistentes e persoas participantes.<\/p>\n\n\n\n<h2 class=\"wp-block-heading\">O Astroturismo, unha gran oportunidade para a Costa da Morte<\/h2>\n\n\n\n<p>Este evento, organizado para alcaldes e persoal convidado polos concellos, enm\u00e1rcase dentro dun ano importante para a Costa da Morte como Destino Starlight, xa que ser\u00e1 a sede do&nbsp;<a href=\"https:\/\/www.visitacostadamorte.com\/ga\/post\/costa-da-morte-vii-encontro-internacional-starlight\"><strong>VII Encontro Internacional Starlight<\/strong><\/a>&nbsp;organizado pola Fundaci\u00f3n Starlight. Ser\u00e1 unha oportunidade para seguir achegando informaci\u00f3n sobre as oportunidades e os retos do Astroturismo.<\/p>\n\n\n\n<h2 class=\"wp-block-heading\">PROGRAMA DA XORNADA SOBRE CONTAMINACI\u00d3N LUMINOSA<\/h2>\n\n\n\n<p>M\u00e9rcores 12 de xu\u00f1o de 2024, \u00e1s 19:30h no Centro de Interpretaci\u00f3n, Dolmen de Dombate; C.P 15119. Concello de Cabana de Berganti\u00f1os. A Coru\u00f1a<\/p>\n\n\n\n<ul class=\"wp-block-list\">\n<li>19:30h Acomodo dos participantes, relatores, etc.<\/li>\n\n\n\n<li>19:45h Benvida e presentaci\u00f3n da xornada por parte de D. Manuel Mu\u00ed\u00f1o, Presidente da Costa da Morte Asociaci\u00f3n Tur\u00edstica CMAT (5 mins)<\/li>\n\n\n\n<li>19:50h Contextualizaci\u00f3n da xornada por parte de D. Jorge Mira, Catedr\u00e1tico de F\u00edsica Aplicada da USC (10 mins)<\/li>\n\n\n\n<li>20:00h Casos pr\u00e1cticos e alumeado sostible, por parte de Dna. Susana Mal\u00f3n, CEO de Lum\u00ednica Ambiental (15 mins)<\/li>\n\n\n\n<li>20:15h Proxectos de alumeado p\u00fablico, xesti\u00f3n e financiamento, por parte de Jes\u00fas Andr\u00e9s Castellot, Responsable de Servizos Enerx\u00e9ticos da empresa Ingesan (15 mins)<\/li>\n\n\n\n<li>20:30h Mesa redonda \u201cCosta da Morte, Destino Starlight. Oportunidades para o Astroturismo\u201d (15 mins).\u00a0Participan:\n<ul class=\"wp-block-list\">\n<li>D. Jorge Mira, Catedr\u00e1tico de F\u00edsica Aplicada da USC<\/li>\n\n\n\n<li>Dna. Marta Rodr\u00edguez, da Secretar\u00eda T\u00e9cnica da Costa da Morte Asociaci\u00f3n Tur\u00edstica (CMAT)<\/li>\n\n\n\n<li>D. Jos\u00e9 Mu\u00ed\u00f1o, Alcalde de Cabana de Berganti\u00f1os<\/li>\n<\/ul>\n<\/li>\n\n\n\n<li>20:45h Peche da xornada por parte de D. Jos\u00e9 Mu\u00ed\u00f1o Dom\u00ednguez<\/li>\n\n\n\n<li>21:00h C\u00f3ctel e intercambio de ideas<\/li>\n<\/ul>\n","protected":false},"excerpt":{"rendered":"<p>O evento celebrarase o m\u00e9rcores 12 de xu\u00f1o a partir das 19:30 horas no Centro de Interpretaci\u00f3n do Dolmen de Dombate, en Cabana de Berganti\u00f1os.<\/p>\n","protected":false},"author":7,"featured_media":64179,"comment_status":"open","ping_status":"closed","sticky":false,"template":"","format":"standard","meta":{"_angie_page":false,"slim_seo":{"title":"A Asociaci\u00f3n de Turismo da Costa da Morte organiza en Dombate unha xornada sobre a contaminaci\u00f3n luminosa - Costa da Morte","description":"O evento celebrarase o m\u00e9rcores 12 de xu\u00f1o a partir das 19:30 horas no Centro de Interpretaci\u00f3n do Dolmen de Dombate, en Cabana de Berganti\u00f1os."},"page_builder":"","footnotes":""},"categories":[106],"tags":[679,690,545],"class_list":["post-64198","post","type-post","status-publish","format-standard","has-post-thumbnail","hentry","category-novas","tag-contaminacion-luminica","tag-dombate-gl","tag-starlight-gl"],"_links":{"self":[{"href":"https:\/\/visitacostadamorte.com\/gl\/wp-json\/wp\/v2\/posts\/64198","targetHints":{"allow":["GET"]}}],"collection":[{"href":"https:\/\/visitacostadamorte.com\/gl\/wp-json\/wp\/v2\/posts"}],"about":[{"href":"https:\/\/visitacostadamorte.com\/gl\/wp-json\/wp\/v2\/types\/post"}],"author":[{"embeddable":true,"href":"https:\/\/visitacostadamorte.com\/gl\/wp-json\/wp\/v2\/users\/7"}],"replies":[{"embeddable":true,"href":"https:\/\/visitacostadamorte.com\/gl\/wp-json\/wp\/v2\/comments?post=64198"}],"version-history":[{"count":0,"href":"https:\/\/visitacostadamorte.com\/gl\/wp-json\/wp\/v2\/posts\/64198\/revisions"}],"wp:featuredmedia":[{"embeddable":true,"href":"https:\/\/visitacostadamorte.com\/gl\/wp-json\/wp\/v2\/media\/64179"}],"wp:attachment":[{"href":"https:\/\/visitacostadamorte.com\/gl\/wp-json\/wp\/v2\/media?parent=64198"}],"wp:term":[{"taxonomy":"category","embeddable":true,"href":"https:\/\/visitacostadamorte.com\/gl\/wp-json\/wp\/v2\/categories?post=64198"},{"taxonomy":"post_tag","embeddable":true,"href":"https:\/\/visitacostadamorte.com\/gl\/wp-json\/wp\/v2\/tags?post=64198"}],"curies":[{"name":"wp","href":"https:\/\/api.w.org\/{rel}","templated":true}]}}