{"id":63996,"date":"2024-10-16T07:21:12","date_gmt":"2024-10-16T05:21:12","guid":{"rendered":"https:\/\/great-goldberg.213-199-36-195.plesk.page\/sin-categorizar\/costa-da-morte-en-familia-24"},"modified":"2024-10-16T08:36:47","modified_gmt":"2024-10-16T06:36:47","slug":"costa-da-morte-en-familia-24","status":"publish","type":"post","link":"https:\/\/visitacostadamorte.com\/gl\/novas\/costa-da-morte-en-familia-24","title":{"rendered":"A CMAT organiza unha viaxe en familia para destacar a calidade das actividades de turismo familiar na Costa da Morte"},"content":{"rendered":"\n<p><strong>ZAS, 10\/09\/2024<\/strong>. Costa da Morte Asociaci\u00f3n Tur\u00edstica (CMAT) organiza a viaxe #CostaDaMorteEnFamilia os d\u00edas 14 e 15 de setembro dentro das actividades de promoci\u00f3n tur\u00edstica inclu\u00eddas <strong>no<\/strong> <strong>convenio de colaboraci\u00f3n con Turismo de Galicia<\/strong>. Nesta viaxe, convidar\u00e1 \u00e1 familia da blogueira <strong>Olaya L\u00f3pez<\/strong> a desfrutar de diferentes actividades de turismo familiar nos concellos de <strong>Carballo, Coristanco, A Laracha, Malpica, Mazaricos e Ponteceso.<\/strong><\/p>\n\n<h3 class=\"wp-block-heading\"><strong>Costa da Morte, un Destino Familiar<\/strong><\/h3>\n\n<p>Baixo o cancelo #CostaDaMorteEnFamilia, se promocionar\u00e1 esta actividade nas redes sociais, coa intenci\u00f3n de promocionar o xeodestino Costa da Morte como un territorio con moitas oportunidades no eido do turismo familiar.<\/p>\n\n<p>Dentro das actividades propostas, haber\u00e1 visitas a entornos naturais como a <a href=\"https:\/\/visitacostadamorte.com\/gl\/post\/area-recreativa-de-gabenlle\" data-type=\"contenido\" data-id=\"13548\">\u00e1rea recreativa de <strong>Gabenlle (A Laracha)<\/strong><\/a>, a praia de <a href=\"https:\/\/www.visitacostadamorte.com\/es\/surf-y-prayas-salvajes\/razo-carballo\"><strong>Razo (Carballo)<\/strong> <\/a>ou a ruta por algunha das <a href=\"https:\/\/visitacostadamorte.com\/gl\/post\/rutadasfervenzasmazaricos\" data-type=\"contenido\" data-id=\"44007\"><strong>cascadas de Mazaricos<\/strong><\/a>. Tam\u00e9n haber\u00e1 actividades culturais, como a visita ao <a href=\"https:\/\/visitacostadamorte.com\/gl\/post\/ecomuseo-de-o-forno-do-forte-y-vila-oleira-de-buno\" data-type=\"contenido\" data-id=\"13628\"><strong>Ecomuseo Forno do Forte<\/strong> <strong>de Bu\u00f1o (Malpica)<\/strong><\/a>, o <a href=\"https:\/\/visitacostadamorte.com\/gl\/post\/melga-ponteceso\" data-type=\"contenido\" data-id=\"13217\"><strong>Museo Etnol\u00fadico de Galicia (Ponteceso)<\/strong> <\/a> e a <a href=\"https:\/\/visitacostadamorte.com\/es\/agenda\/festa-pataca-coristanco\" data-type=\"agenda\" data-id=\"12023\"><strong>Festa da Pataca de Coristanco<\/strong><\/a>, unha celebraci\u00f3n que rinde homenaxe a un producto destacado pola s\u00faa excelencia. <\/p>\n\n<h3 class=\"wp-block-heading\"><strong>Unha familia viaxeira, protagonista desta iniciativa<\/strong><\/h3>\n\n<p><strong>Olaya L\u00f3pez<\/strong> \u00e9 unha blogueira que comparte as s\u00faas aventuras en familia a trav\u00e9s da conta de instagram <a href=\"https:\/\/www.instagram.com\/olayismo\" target=\"_blank\" rel=\"noreferrer noopener\">@olayismo<\/a>. Olaya def\u00ednese como xornalista, amante da natureza, mam\u00e1 e creadora de contido.<\/p>\n\n<p>Forma parte dunha asociaci\u00f3n, Bolboretas no Ceo, que axuda a familias en situaci\u00f3n de duelo xestacional, perinatal e neonatal.<\/p>\n\n<p>Xunto a Dani, seu marido; Nico, seu fillo e a s\u00faa cadeli\u00f1a Amelie, percorren diferentes lugares de Galicia, amosando a gran riqueza desta parte do mundo.<\/p>\n\n<p>Neste sentido, a s\u00faa visita \u00e1 Costa da Morte pres\u00e9ntase como unha gran ocasi\u00f3n para poder desfrutar das grandes oportunidades que ten o noso territorio en materia de turismo familiar.<\/p>\n\n<h3 class=\"wp-block-heading\"><strong>Unha iniciativa para destacar ao turismo da Costa da Morte<\/strong><\/h3>\n\n<p>Esta iniciativa \u00e9 posible grazas ao financiamento de Turismo de Galicia a trav\u00e9s dun convenio de colaboraci\u00f3n coa CMAT.<\/p>\n\n<p>Este convenio fixo posible tanto o <a href=\"https:\/\/www.visitacostadamorte.com\/es\/post\/blogtrip-costa-da-morte-2024-blogueiros-es\">primeiro blogtrip #TodoEnCostaDaMorte, celebrado a finais de agosto con catro blogueiros de viaxe<\/a>; como esta viaxe de turismo familiar.<\/p>\n\n<p>Tam\u00e9n permitir\u00e1 celebrar o <strong>IV Encontro Anual de Turismo da Costa da Morte<\/strong> o <strong>12 de novembro de 2024<\/strong>. Para acoller este encontro, a <a href=\"https:\/\/www.visitacostadamorte.com\/es\/post\/presentacion-candidaturas-iv-encontro-turismo-costa-da-morte-es\">CMAT abriu o prazo de presentaci\u00f3n de candidaturas<\/a> \u00e1s empresas do eido tur\u00edstico da Costa da Morte ata o 17 de setembro.<\/p>\n","protected":false},"excerpt":{"rendered":"<p>A blogueira Olaya L\u00f3pez pasar\u00e1 dous d\u00edas xunto \u00e1 s\u00faa familia realizando diferentes actividades de turismo familiar dentro da campa\u00f1a #CostaDaMorteEnFamilia<\/p>\n","protected":false},"author":7,"featured_media":63992,"comment_status":"open","ping_status":"closed","sticky":false,"template":"","format":"standard","meta":{"_angie_page":false,"slim_seo":{"title":"A CMAT organiza unha viaxe en familia para destacar a calidade das actividades de turismo familiar na Costa da Morte - Costa da Morte","description":"A blogueira Olaya L\u00f3pez pasar\u00e1 dous d\u00edas xunto \u00e1 s\u00faa familia realizando diferentes actividades de turismo familiar dentro da campa\u00f1a #CostaDaMorteEnFamilia"},"page_builder":"","footnotes":""},"categories":[106],"tags":[661,662],"class_list":["post-63996","post","type-post","status-publish","format-standard","has-post-thumbnail","hentry","category-novas","tag-blogtrip-gl","tag-turismo-familiar-gl"],"_links":{"self":[{"href":"https:\/\/visitacostadamorte.com\/gl\/wp-json\/wp\/v2\/posts\/63996","targetHints":{"allow":["GET"]}}],"collection":[{"href":"https:\/\/visitacostadamorte.com\/gl\/wp-json\/wp\/v2\/posts"}],"about":[{"href":"https:\/\/visitacostadamorte.com\/gl\/wp-json\/wp\/v2\/types\/post"}],"author":[{"embeddable":true,"href":"https:\/\/visitacostadamorte.com\/gl\/wp-json\/wp\/v2\/users\/7"}],"replies":[{"embeddable":true,"href":"https:\/\/visitacostadamorte.com\/gl\/wp-json\/wp\/v2\/comments?post=63996"}],"version-history":[{"count":0,"href":"https:\/\/visitacostadamorte.com\/gl\/wp-json\/wp\/v2\/posts\/63996\/revisions"}],"wp:featuredmedia":[{"embeddable":true,"href":"https:\/\/visitacostadamorte.com\/gl\/wp-json\/wp\/v2\/media\/63992"}],"wp:attachment":[{"href":"https:\/\/visitacostadamorte.com\/gl\/wp-json\/wp\/v2\/media?parent=63996"}],"wp:term":[{"taxonomy":"category","embeddable":true,"href":"https:\/\/visitacostadamorte.com\/gl\/wp-json\/wp\/v2\/categories?post=63996"},{"taxonomy":"post_tag","embeddable":true,"href":"https:\/\/visitacostadamorte.com\/gl\/wp-json\/wp\/v2\/tags?post=63996"}],"curies":[{"name":"wp","href":"https:\/\/api.w.org\/{rel}","templated":true}]}}