{"id":4811,"date":"2017-09-01T00:00:00","date_gmt":"2017-08-31T22:00:00","guid":{"rendered":"https:\/\/great-goldberg.213-199-36-195.plesk.page\/sin-categorizar\/o-final-do-camino"},"modified":"2024-11-06T07:07:48","modified_gmt":"2024-11-06T06:07:48","slug":"o-final-do-camino","status":"publish","type":"post","link":"https:\/\/visitacostadamorte.com\/gl\/novas\/o-final-do-camino","title":{"rendered":"O final do Cami\u00f1o"},"content":{"rendered":"<p style=\"text-align: justify;\">Ata o final da Idade Media, a Costa da Morte era o \u00faltimo reduto de terra co\u00f1ecida. O lugar polo que os pobos prerromanos cr\u00edan que as almas ascend\u00edan ao ceo. Un espazo m\u00edtico e simb\u00f3lico que deixar\u00eda pampos aos conquistadores romanos cando visen desaparecer o sol detr\u00e1s do inmenso oc\u00e9ano. Desde ent\u00f3n, o extremo do cabo de Fisterra magnetiza por igual a cada visitante.<\/p>\n<p style=\"text-align: justify;\">+inrformaci\u00f3n<\/p>\n<ul>\n<li style=\"text-align: justify;\"><a href=\"http:\/\/www.caminodesantiago.gal\/es\/planifica\/las-rutas\/camino-fisterra-muxia\" target=\"_blank\" rel=\"noopener\">web do cami\u00f1o de santiago<\/a><\/li>\n<\/ul>\n<p style=\"text-align: justify;\"><iframe src=\"https:\/\/es.wikiloc.com\/wikiloc\/spatialArtifacts.do?event=view&amp;id=5063623&amp;measures=on&amp;title=on&amp;near=on&amp;images=on&amp;maptype=T\" width=\"500\" height=\"700\" frameborder=\"0\" scrolling=\"no\" data-mce-fragment=\"1\"><\/iframe><\/p>\n<p style=\"text-align: justify;\"><iframe src=\"\/\/www.youtube.com\/embed\/dP_PbKqt3hg?rel=0&amp;start=3;autoplay=1\" width=\"560\" height=\"315\" frameborder=\"0\" allowfullscreen=\"allowfullscreen\"><\/iframe><\/p>\n<p style=\"text-align: justify;\">\ufffd<\/p>\n","protected":false},"excerpt":{"rendered":"<p>Ata o final da Idade Media, a Costa da Morte era o \u00faltimo reduto de terra co\u00f1ecida. O lugar polo que os pobos prerromanos cr\u00edan que as almas ascend\u00edan ao ceo. Un espazo m\u00edtico e simb\u00f3lico que deixar\u00eda pampos aos conquistadores romanos cando visen desaparecer o sol detr\u00e1s do inmenso oc\u00e9ano. Desde ent\u00f3n, o extremo [&hellip;]<\/p>\n","protected":false},"author":7,"featured_media":2850,"comment_status":"open","ping_status":"closed","sticky":false,"template":"","format":"standard","meta":{"_angie_page":false,"slim_seo":{"title":"O final do Cami\u00f1o - Costa da Morte","description":"Ata o final da Idade Media, a Costa da Morte era o \u00faltimo reduto de terra co\u00f1ecida. O lugar polo que os pobos prerromanos cr\u00edan que as almas ascend\u00edan ao ceo. U"},"page_builder":"","footnotes":""},"categories":[106],"tags":[127],"class_list":["post-4811","post","type-post","status-publish","format-standard","has-post-thumbnail","hentry","category-novas","tag-fisterra-gl"],"_links":{"self":[{"href":"https:\/\/visitacostadamorte.com\/gl\/wp-json\/wp\/v2\/posts\/4811","targetHints":{"allow":["GET"]}}],"collection":[{"href":"https:\/\/visitacostadamorte.com\/gl\/wp-json\/wp\/v2\/posts"}],"about":[{"href":"https:\/\/visitacostadamorte.com\/gl\/wp-json\/wp\/v2\/types\/post"}],"author":[{"embeddable":true,"href":"https:\/\/visitacostadamorte.com\/gl\/wp-json\/wp\/v2\/users\/7"}],"replies":[{"embeddable":true,"href":"https:\/\/visitacostadamorte.com\/gl\/wp-json\/wp\/v2\/comments?post=4811"}],"version-history":[{"count":0,"href":"https:\/\/visitacostadamorte.com\/gl\/wp-json\/wp\/v2\/posts\/4811\/revisions"}],"wp:featuredmedia":[{"embeddable":true,"href":"https:\/\/visitacostadamorte.com\/gl\/wp-json\/wp\/v2\/media\/2850"}],"wp:attachment":[{"href":"https:\/\/visitacostadamorte.com\/gl\/wp-json\/wp\/v2\/media?parent=4811"}],"wp:term":[{"taxonomy":"category","embeddable":true,"href":"https:\/\/visitacostadamorte.com\/gl\/wp-json\/wp\/v2\/categories?post=4811"},{"taxonomy":"post_tag","embeddable":true,"href":"https:\/\/visitacostadamorte.com\/gl\/wp-json\/wp\/v2\/tags?post=4811"}],"curies":[{"name":"wp","href":"https:\/\/api.w.org\/{rel}","templated":true}]}}