{"id":4766,"date":"2018-02-24T00:00:00","date_gmt":"2018-02-23T23:00:00","guid":{"rendered":"https:\/\/great-goldberg.213-199-36-195.plesk.page\/sin-categorizar\/camino-clean-e-a-costadamorte-alianse-pola-sostenibilidade"},"modified":"2024-11-06T07:06:57","modified_gmt":"2024-11-06T06:06:57","slug":"camino-clean-e-a-costadamorte-alianse-pola-sostenibilidade","status":"publish","type":"post","link":"https:\/\/visitacostadamorte.com\/gl\/novas\/camino-clean-e-a-costadamorte-alianse-pola-sostenibilidade","title":{"rendered":"Camino Clean e a #CostadaMorte al\u00edanse pola sostenibilidade."},"content":{"rendered":"<div class=\"col_b\">\n<div class=\"textbox\">\n<div id=\"contenedor\" class=\"textarea unknown\" style=\"text-align: justify;\">O movemento \u2018Camino Clean\u2019 chega \u00e1 Costa da Morte o 3 de marzo cun obxectivo principal: o coidado do medio ambiente e a protecci\u00f3n da zona.\u00a0A Costa galega \u00e9 un dos maiores atractivos tur\u00edsticos da nosa contorna. Conservar o valor de leste e outros recursos naturais, \u00e9 o principal obxectivo de cami\u00f1o Clean, acci\u00f3n promovida por Tee Travel, axencia de viaxes especializada no Cami\u00f1o.<\/div>\n<div class=\"textarea unknown\" style=\"text-align: justify;\">\u00a0<\/div>\n<div class=\"textarea unknown\" style=\"text-align: justify;\">Cami\u00f1o Clean celebra o 3 de marzo a s\u00faa segunda edici\u00f3n, esta acci\u00f3n consistir\u00e1 nunha cami\u00f1ada de 8km recollendo pl\u00e1sticos e lixo na Costa da Morte, seguindo o Cami\u00f1o dous Faros e o Cami\u00f1o de Fisterra a Mux\u00eda. Desta forma, non s\u00f3 mantense limpa de lixo a zona, tam\u00e9n se evitan danos m\u00e1is graves provocados por esta como, por exemplo, incendios.<\/div>\n<div class=\"textarea unknown\" style=\"text-align: justify;\">\u00a0<\/div>\n<div class=\"textarea unknown\" style=\"text-align: justify;\">A actividade dar\u00e1 comezo \u00e1s 11.30 horas na Praia do Rostro, onde os coordinadores da mesma far\u00e1n entrega do pack Cami\u00f1o Clean.<\/div>\n<div class=\"textarea unknown\" style=\"text-align: justify;\">Os participantes poder\u00e1n viaxar no seu propio coche ou inscribirse para facer uso do autocar facilitado por Tee Travel, que sair\u00e1 de Vilagarc\u00eda de Arousa \u00e1s 8.30 horas, realizando unha parada en Compostela \u00e1s 9.15 horas.<\/div>\n<div class=\"textarea unknown\" style=\"text-align: justify;\">\u00a0<\/div>\n<div class=\"textarea unknown\" style=\"text-align: justify;\">Tras os labores de recollida, \u00e1s 14.30 realizarase un xantar informal en Lires. Unha vez finalizada a actividade \u00e1s 17.00 horas, regresarase no autocar \u00e1s cidades de orixe, sendo Santiago de Compostela a primeira parada. As persoas que estacionasen o seu coche en Praia do Rostro ter\u00e1n un servizo de traslado gratu\u00edto ofrecido por Tee Travel.<\/div>\n<p>\u00a0<\/p>\n<\/div>\n<\/div>\n<p>\u00a0<\/p>\n","protected":false},"excerpt":{"rendered":"<p>O movemento \u2018Camino Clean\u2019 chega \u00e1 Costa da Morte o 3 de marzo cun obxectivo principal: o coidado do medio ambiente e a protecci\u00f3n da zona.\u00a0A Costa galega \u00e9 un dos maiores atractivos tur\u00edsticos da nosa contorna. Conservar o valor de leste e outros recursos naturais, \u00e9 o principal obxectivo de cami\u00f1o Clean, acci\u00f3n promovida [&hellip;]<\/p>\n","protected":false},"author":7,"featured_media":2673,"comment_status":"open","ping_status":"closed","sticky":false,"template":"","format":"standard","meta":{"_angie_page":false,"slim_seo":{"title":"Camino Clean e a #CostadaMorte al\u00edanse pola sostenibilidade. - Costa da Morte","description":"O movemento \u2018Camino Clean\u2019 chega \u00e1 Costa da Morte o 3 de marzo cun obxectivo principal: o coidado do medio ambiente e a protecci\u00f3n da zona.\u00a0A Costa galega \u00e9 un"},"page_builder":"","footnotes":""},"categories":[106],"tags":[],"class_list":["post-4766","post","type-post","status-publish","format-standard","has-post-thumbnail","hentry","category-novas"],"_links":{"self":[{"href":"https:\/\/visitacostadamorte.com\/gl\/wp-json\/wp\/v2\/posts\/4766","targetHints":{"allow":["GET"]}}],"collection":[{"href":"https:\/\/visitacostadamorte.com\/gl\/wp-json\/wp\/v2\/posts"}],"about":[{"href":"https:\/\/visitacostadamorte.com\/gl\/wp-json\/wp\/v2\/types\/post"}],"author":[{"embeddable":true,"href":"https:\/\/visitacostadamorte.com\/gl\/wp-json\/wp\/v2\/users\/7"}],"replies":[{"embeddable":true,"href":"https:\/\/visitacostadamorte.com\/gl\/wp-json\/wp\/v2\/comments?post=4766"}],"version-history":[{"count":0,"href":"https:\/\/visitacostadamorte.com\/gl\/wp-json\/wp\/v2\/posts\/4766\/revisions"}],"wp:featuredmedia":[{"embeddable":true,"href":"https:\/\/visitacostadamorte.com\/gl\/wp-json\/wp\/v2\/media\/2673"}],"wp:attachment":[{"href":"https:\/\/visitacostadamorte.com\/gl\/wp-json\/wp\/v2\/media?parent=4766"}],"wp:term":[{"taxonomy":"category","embeddable":true,"href":"https:\/\/visitacostadamorte.com\/gl\/wp-json\/wp\/v2\/categories?post=4766"},{"taxonomy":"post_tag","embeddable":true,"href":"https:\/\/visitacostadamorte.com\/gl\/wp-json\/wp\/v2\/tags?post=4766"}],"curies":[{"name":"wp","href":"https:\/\/api.w.org\/{rel}","templated":true}]}}