{"id":4748,"date":"2018-03-22T00:00:00","date_gmt":"2018-03-21T23:00:00","guid":{"rendered":"https:\/\/great-goldberg.213-199-36-195.plesk.page\/sin-categorizar\/semana-santa-fisterra"},"modified":"2024-11-06T07:06:41","modified_gmt":"2024-11-06T06:06:41","slug":"semana-santa-fisterra","status":"publish","type":"post","link":"https:\/\/visitacostadamorte.com\/gl\/novas\/semana-santa-fisterra","title":{"rendered":"Semana Santa Fisterra"},"content":{"rendered":"<p>A Semana Santa da vila de Finisterre, declarada como de Interese Tur\u00edstico Nacional, consta de 5 d\u00edas de representaci\u00f3ns cos seus diferentes actos representativos, lit\u00farxicos e procesionais, nos que o pobo se volva asumindo cada un o seu posto e o seu papel para dar vida \u00e1 Paix\u00f3n, Morte e Resurrecci\u00f3n de Cristo.<\/p>\n<p>\u00a0<\/p>\n<p>A vila do Cristo da Barba Dourada cuns case 5000 habitantes v\u00edstese de Paix\u00f3n para celebrar a s\u00faa Semana Santa. Uns 500 penitentes, outros tantos portadores, organizadores, personaxes viventes,&#8230; O pobo enteiro entr\u00e9gase a esta tradici\u00f3n arraigada desde o S. XIV. Moita xente traballa todo o ano para que as imaxes vistan os seus mellores galas, os portadores, tronos, traxes dos personaxes viventes, etc. A Semana Santa de Fisterra atesoura un dos patrimonios m\u00e1is valiosos do mundo, co Cristo da Barba Dourada do s. XIV; a implicaci\u00f3n de todos os fisterranos nas celebraci\u00f3ns, o fervor co que se vive no pobo e o orgullo que senten de formar parte desta celebraci\u00f3n tan \u00edntima e tan universal. A tradici\u00f3n, a fe, a devoci\u00f3n, a cultura e unha singularidade \u00fanica \u00fanense na Semana Santa Fisterr\u00e1. As procesi\u00f3ns son \u00fanicas, onde a xente participa desde o principio ata o final, non son desfiles procesionais sen\u00f3n procesi\u00f3ns nas que se pode participar completamente.<\/p>\n<p>\u00a0<\/p>\n<p>A Semana Santa da vila de Fisterra, sen d\u00fabida, \u00e9 unha das celebraci\u00f3ns m\u00e1is grandes de toda Galicia que se realizan nestas datas. O trazo principal que a caracteriza e a diferenza das outras Semanas Santas que podemos atopar na comunidade \u00e9 que a maior parte dos actos son representaci\u00f3ns realizadas polos propios fisterr\u00e1ns de carne e \u00f3so, seguindo textos de orixe inmemorial, alg\u00fans datados da Idade Media, que se entregan con fervor \u00e1 organizaci\u00f3n e celebraci\u00f3n da nosa Semana de Paix\u00f3n, motivo de orgullo dos fisterr\u00e1ns desde hai s\u00e9culos. Son os habitantes de Fisterra os mesmos que representan aos ap\u00f3stolos na \u00daltima Cea, na Oraci\u00f3n do Horto, xudeus que prenden a Jes\u00fas, Mar\u00edas que lle acompa\u00f1an no acto do Desencravo, e as Confrar\u00edas que participan vestindo \u00e1 s\u00faa imaxe e procesionando en cando momento da Semana Paix\u00f3n.<\/p>\n<p>\u00a0<\/p>\n<p>\u00c9 curioso, ademais, que gran parte dos participantes sexan xente nova, algo que contrasta co que acontece noutras vilas e pobos galegos, onde as celebraci\u00f3ns relixiosas han quedado relegadas \u00e1 xente maior. O marco incomparable onde se desenvolven a maior\u00eda das celebraci\u00f3ns gravita ao redor da igrexa Parroquial de Santamar\u00eda das Areas, declarado Monumento Hist\u00f3rico-Art\u00edstico no ano 1985. A calidade e variedade das celebraci\u00f3ns, conseguen atraer a decenas de miles de visitantes, interesados no valor relixioso, art\u00edstico e etnogr\u00e1fico dos eventos.<\/p>\n<p>\u00a0<\/p>\n<p>Cada d\u00eda, cada ano crece mais o traballo e devoci\u00f3n para que a cultura de Fisterra non se perda. Os actos con personaxes viventes son \u00fanicos. Poucas Semanas Santas a\u00fanan personaxes viventes con imaxes de mais de 2 s\u00e9culos de historia. \u00c9 unha Semana Santa \u00fanica reco\u00f1ecida en Galicia como unha das m\u00e1is importante xunto a Viveiro e Ferrol que xa foron declaradas de Interese Tur\u00edstico Internacional. A xente que chega \u00e1s nosas terras en Semana Santa queda perplexo do traballo, a devoci\u00f3n, a organizaci\u00f3n e a participaci\u00f3n das xentes de Fisterra.<\/p>\n<p>\u00a0<\/p>\n<p>Se de algo esta orgulloso Fisterra \u00e9 da s\u00faa Semana Santa e do alto grao de participaci\u00f3n que ten por parte das s\u00faas xentes. Podemos destacar a xente nova. Os pasos (v\u00e9xase fotos) est\u00e1n portados na s\u00faa maior\u00eda por xente nova que non sobe dos 35 anos. Exceptuando o Santo Sepulcro e o Divino Nazareno que \u00e9 a Confrar\u00eda con xente m\u00e1is maior. O resto est\u00e1 composta de xente nova que coordina, organiza, dirixe e porta os seus pasos e imaxes.<\/p>\n<p>\u00a0<\/p>\n","protected":false},"excerpt":{"rendered":"<p>A Semana Santa da vila de Finisterre, declarada como de Interese Tur\u00edstico Nacional, consta de 5 d\u00edas de representaci\u00f3ns cos seus diferentes actos representativos, lit\u00farxicos e procesionais, nos que o pobo se volva asumindo cada un o seu posto e o seu papel para dar vida \u00e1 Paix\u00f3n, Morte e Resurrecci\u00f3n de Cristo. \u00a0 A [&hellip;]<\/p>\n","protected":false},"author":7,"featured_media":2601,"comment_status":"open","ping_status":"closed","sticky":false,"template":"","format":"standard","meta":{"_angie_page":false,"slim_seo":{"title":"Semana Santa Fisterra - Costa da Morte","description":"A Semana Santa da vila de Finisterre, declarada como de Interese Tur\u00edstico Nacional, consta de 5 d\u00edas de representaci\u00f3ns cos seus diferentes actos representativ"},"page_builder":"","footnotes":""},"categories":[106],"tags":[127],"class_list":["post-4748","post","type-post","status-publish","format-standard","has-post-thumbnail","hentry","category-novas","tag-fisterra-gl"],"_links":{"self":[{"href":"https:\/\/visitacostadamorte.com\/gl\/wp-json\/wp\/v2\/posts\/4748","targetHints":{"allow":["GET"]}}],"collection":[{"href":"https:\/\/visitacostadamorte.com\/gl\/wp-json\/wp\/v2\/posts"}],"about":[{"href":"https:\/\/visitacostadamorte.com\/gl\/wp-json\/wp\/v2\/types\/post"}],"author":[{"embeddable":true,"href":"https:\/\/visitacostadamorte.com\/gl\/wp-json\/wp\/v2\/users\/7"}],"replies":[{"embeddable":true,"href":"https:\/\/visitacostadamorte.com\/gl\/wp-json\/wp\/v2\/comments?post=4748"}],"version-history":[{"count":0,"href":"https:\/\/visitacostadamorte.com\/gl\/wp-json\/wp\/v2\/posts\/4748\/revisions"}],"wp:featuredmedia":[{"embeddable":true,"href":"https:\/\/visitacostadamorte.com\/gl\/wp-json\/wp\/v2\/media\/2601"}],"wp:attachment":[{"href":"https:\/\/visitacostadamorte.com\/gl\/wp-json\/wp\/v2\/media?parent=4748"}],"wp:term":[{"taxonomy":"category","embeddable":true,"href":"https:\/\/visitacostadamorte.com\/gl\/wp-json\/wp\/v2\/categories?post=4748"},{"taxonomy":"post_tag","embeddable":true,"href":"https:\/\/visitacostadamorte.com\/gl\/wp-json\/wp\/v2\/tags?post=4748"}],"curies":[{"name":"wp","href":"https:\/\/api.w.org\/{rel}","templated":true}]}}