{"id":4699,"date":"2018-05-30T00:00:00","date_gmt":"2018-05-29T22:00:00","guid":{"rendered":"https:\/\/great-goldberg.213-199-36-195.plesk.page\/sin-categorizar\/ponteceso-acollera-esta-fin-de-semana-a-17-edicion-da-volta-ciclista-a-provincia-da-coruna"},"modified":"2024-11-06T07:05:47","modified_gmt":"2024-11-06T06:05:47","slug":"ponteceso-acollera-esta-fin-de-semana-a-17-edicion-da-volta-ciclista-a-provincia-da-coruna","status":"publish","type":"post","link":"https:\/\/visitacostadamorte.com\/gl\/novas\/ponteceso-acollera-esta-fin-de-semana-a-17-edicion-da-volta-ciclista-a-provincia-da-coruna","title":{"rendered":"Ponteceso acoller\u00e1 esta fin de semana a 17\u00aa edici\u00f3n da &#8220;Volta Ciclista \u00e1 Provincia da Coru\u00f1a&#8221;"},"content":{"rendered":"<p style=\"font-weight: 400; text-align: justify;\">Os concellos de Ponteceso, Curtis e Cari\u00f1o ser\u00e1n este ano as sedes centrais da 17\u00aa edici\u00f3n da Volta Ciclista \u00e1 Provincia da Coru\u00f1a, que se disputar\u00e1 entre os d\u00edas 1 e\u00a0\u00a03 de xu\u00f1o e contar\u00e1 coa participaci\u00f3n de m\u00e1is dun centenar de ciclistas das categor\u00edas \u00c9lite e Sub-23, nas que se forxan as novas promesas desta disciplina deportiva antes de chegar ao \u00e1mbito profesional.\u00a0\u00a0<\/p>\n<p style=\"font-weight: 400; text-align: justify;\">O deputado responsable da \u00e1rea de Deportes, Jos\u00e9 Garc\u00eda Li\u00f1ares, e o presidente da Federaci\u00f3n Galega de Ciclismo, Juan Carlos Mu\u00f1iz, asinaron esta ma\u00f1\u00e1 na sede da instituci\u00f3n provincial o convenio a trav\u00e9s do cal a Deputaci\u00f3n achegar\u00e1 86.500 \u20ac, o 80% do orzamento total deste evento deportivo.\u00a0Nesta 17\u00aa edici\u00f3n da\u00a0Volta\u00a0participar\u00e1n un total de 17 equipos de Asturias, Tenerife, Madrid, Extremadura, Cantabria, Castela-Le\u00f3n, Galicia e Portugal.\u00a0\u00a0<\/p>\n<p style=\"font-weight: 400; text-align: justify;\">A proba comezar\u00e1 o 1 de xu\u00f1o en Ponteceso, cun percorrido de 150 quil\u00f3metros que pasar\u00e1 por A Campara, Pazos, A Bugalleira, Tella, Nea\u00f1o, Cesullas, O Allo, Baio, Zas, o alto de San Roque, Santa Comba, Pino do Val, Paxareiras, O Pindo, O \u00c9zaro (con subida ao mirador), Hospital, Dumbr\u00eda, Vimianzo e regreso a Ponteceso.\u00a0O 2 de xu\u00f1o a etapa da\u00a0Volta\u00a0partir\u00e1 de Curtis, dende onde se realizar\u00e1 un percorrido de 133 quil\u00f3metros que pasar\u00e1 por Teixeiro, A Castellana, Montesalgueiro, Arceo, A G\u00e1ndara (Boimorto), Arz\u00faa, Melide, Pontepedra e Sobrado dos Monxes para volver a Curtis. A derradeira etapa, de 125 quil\u00f3metros, disputarase o 3 de xu\u00f1o sair\u00e1 do porto de Cari\u00f1o e pasar\u00e1 por Ortigueira, Espasante, Loiba, O Barqueiro, A Faladoira, San Claudio, Ponte Mera, Felgosas, Campelo, Cedeira, Pontigas e Garita da Herbeira para rematar de novo na Avenida da Constituci\u00f3n de Cari\u00f1o.<\/p>\n","protected":false},"excerpt":{"rendered":"<p>Os concellos de Ponteceso, Curtis e Cari\u00f1o ser\u00e1n este ano as sedes centrais da 17\u00aa edici\u00f3n da Volta Ciclista \u00e1 Provincia da Coru\u00f1a, que se disputar\u00e1 entre os d\u00edas 1 e\u00a0\u00a03 de xu\u00f1o e contar\u00e1 coa participaci\u00f3n de m\u00e1is dun centenar de ciclistas das categor\u00edas \u00c9lite e Sub-23, nas que se forxan as novas promesas [&hellip;]<\/p>\n","protected":false},"author":7,"featured_media":2408,"comment_status":"open","ping_status":"closed","sticky":false,"template":"","format":"standard","meta":{"_angie_page":false,"slim_seo":{"title":"Ponteceso acoller\u00e1 esta fin de semana a 17\u00aa edici\u00f3n da \"Volta Ciclista \u00e1 Provincia da Coru\u00f1a\" - Costa da Morte","description":"Os concellos de Ponteceso, Curtis e Cari\u00f1o ser\u00e1n este ano as sedes centrais da 17\u00aa edici\u00f3n da Volta Ciclista \u00e1 Provincia da Coru\u00f1a, que se disputar\u00e1 entre os d\u00ed"},"page_builder":"","footnotes":""},"categories":[106],"tags":[135],"class_list":["post-4699","post","type-post","status-publish","format-standard","has-post-thumbnail","hentry","category-novas","tag-ponteceso-gl"],"_links":{"self":[{"href":"https:\/\/visitacostadamorte.com\/gl\/wp-json\/wp\/v2\/posts\/4699","targetHints":{"allow":["GET"]}}],"collection":[{"href":"https:\/\/visitacostadamorte.com\/gl\/wp-json\/wp\/v2\/posts"}],"about":[{"href":"https:\/\/visitacostadamorte.com\/gl\/wp-json\/wp\/v2\/types\/post"}],"author":[{"embeddable":true,"href":"https:\/\/visitacostadamorte.com\/gl\/wp-json\/wp\/v2\/users\/7"}],"replies":[{"embeddable":true,"href":"https:\/\/visitacostadamorte.com\/gl\/wp-json\/wp\/v2\/comments?post=4699"}],"version-history":[{"count":0,"href":"https:\/\/visitacostadamorte.com\/gl\/wp-json\/wp\/v2\/posts\/4699\/revisions"}],"wp:featuredmedia":[{"embeddable":true,"href":"https:\/\/visitacostadamorte.com\/gl\/wp-json\/wp\/v2\/media\/2408"}],"wp:attachment":[{"href":"https:\/\/visitacostadamorte.com\/gl\/wp-json\/wp\/v2\/media?parent=4699"}],"wp:term":[{"taxonomy":"category","embeddable":true,"href":"https:\/\/visitacostadamorte.com\/gl\/wp-json\/wp\/v2\/categories?post=4699"},{"taxonomy":"post_tag","embeddable":true,"href":"https:\/\/visitacostadamorte.com\/gl\/wp-json\/wp\/v2\/tags?post=4699"}],"curies":[{"name":"wp","href":"https:\/\/api.w.org\/{rel}","templated":true}]}}