{"id":4485,"date":"2023-03-31T00:00:00","date_gmt":"2023-03-30T22:00:00","guid":{"rendered":"https:\/\/great-goldberg.213-199-36-195.plesk.page\/sin-categorizar\/cmat-participa-ribeira-sacra-trevinca-xornada-intercambio-boas-practicas-xestion-turistica-astroturismo-xeodestinos-mellora-competitividade"},"modified":"2024-11-06T06:47:09","modified_gmt":"2024-11-06T05:47:09","slug":"cmat-participa-ribeira-sacra-trevinca-xornada-intercambio-boas-practicas-xestion-turistica-astroturismo-xeodestinos-mellora-competitividade","status":"publish","type":"post","link":"https:\/\/visitacostadamorte.com\/gl\/novas\/cmat-participa-ribeira-sacra-trevinca-xornada-intercambio-boas-practicas-xestion-turistica-astroturismo-xeodestinos-mellora-competitividade","title":{"rendered":"CMAT participa en Ribeira Sacra e Trevinca nunha Xornada de intercambio de Boas Pr\u00e1cticas en Xesti\u00f3n Tur\u00edstica e Astroturismo entre xeodestinos para a mellora da competitividade"},"content":{"rendered":"<p><strong>Unha delegaci\u00f3n de Costa da Morte Asociaci\u00f3n Tur\u00edstica, encabezada pola s\u00faa presidenta M\u00f3nica Rodr\u00edguez, co\u00f1ece sobre o terreo a experiencia do Consorcio Ribeira Sacra e o modelo desenvolvido por Trevinca en torno ao astroturismo.<\/strong><\/p>\n<p>Representantes de Costa da Morte Asociaci\u00f3n Tur\u00edstica (CMAT), liderados pola s\u00faa presidenta M\u00f3nica Rodr\u00edguez Ord\u00f3\u00f1ez, participaron onte (29\/03\/2023) e hoxe (30\/03\/2023) na Xornada de Intercambio de Boas Pr\u00e1cticas en Xesti\u00f3n Tur\u00edstica e Astroturismo entre xeodestinos. \u201cEste encontro serviu para o intercambio de ideas e para recoller boas pr\u00e1cticas aplicables en Costa da Morte, adapt\u00e1ndoas ao noso territorio e idiosincrasia\u201d, destaca M\u00f3nica Rodr\u00edguez, quen detalla que \u201cda man de Destino Tur\u00edstico Starlight Trevinca puidemos co\u00f1ecer como infl\u00fae a certificaci\u00f3n na dinamizaci\u00f3n do sector tur\u00edstico dese territorio\u201d. Ao seu xu\u00edzo, \u201ca experiencia de co\u00f1ecer outros proxectos sobre o terreo foi moi enriquecedora para todas as partes implicadas\u201d.<\/p>\n<p>A delegaci\u00f3n de CMAT estaba composta pola s\u00faa presidenta M\u00f3nica Rodr\u00edguez; o alcalde de Fisterra, Juan Marcote Su\u00e1rez; o rexedor de Cabana de Berganti\u00f1os, #Jos\u00e9 Mu\u00ed\u00f1o Dom\u00ednguez; o presidente e secretario da Asociaci\u00f3n Profesional do Sector Tur\u00edstico d\u00e1 Costa da Morte (APTCM), Pepe Formoso e Dami\u00e1n \u00c1lvarez e Marta Rodr\u00edguez, do equipo da Secretar\u00eda T\u00e9cnica da entidade.<\/p>\n<p>A visita comezou na Ribeira Sacra, onde mantiveron un encontro coa xerente do Consorcio Ribeira Sacra, Alexandra Seara, e coa empresa de turismo fluvial Quinta Sacra, representada polo seu xerente Luisa Rubines. Con ambas, intercambi\u00e1ronse experiencias, \u00e9xitos e aprendizaxes tanto da xesti\u00f3n e planificaci\u00f3n do turismo no territorio como do emprendemento vinculado ao turismo de natureza.<\/p>\n<p><strong>Primeiro Destinto Tur\u00edstico Starlight de Galicia <\/strong><\/p>\n<p>Posteriormente dirix\u00edronse ao Destino Tur\u00edstico Starlight Trevinca, no Concello da Veiga, onde os representantes da CMAT visitaron o Miradoiro Estelar As Tablillas e co\u00f1eceron experiencias postas en marcha polo gu\u00eda de monta\u00f1a e monitor de Astroturismo Starlight Juanjo Lorenzo, de Terras Altas de Trevinca. Na visita, p\u00faidose observar o tipo de sinalizaci\u00f3n utilizado e os paneis interpretativos do miradoiro sobre o ceo e as estrelas do macizo de Trevinca. A continuaci\u00f3n, visitaron o Centro Astron\u00f3mico de Trevinca da man de Pablo Canedo, orixinario do Concello de Carballo, da empresa Trevinca Skies. Este experto colaborou no proceso de certificaci\u00f3n de Costa da Morte como Destino Tur\u00edstico Starlight xunto co seu socio \u00d3scar Blanco e co catedr\u00e1tico bai\u00e9s Jorge Mira. Al\u00ed tiveron a oportunidade de gozar dunha visita guiada, co\u00f1ecer os diferentes m\u00f3dulos interactivos do centro e de observar o ceo nocturno de Trevinca, primeiro Destino Tur\u00edstico Starlight de Galicia.<\/p>\n<p>A delegaci\u00f3n de CMAT aloxouse no Hotel Rural Ou Eidos d\u00e1s Estrelas, especializado en astroturismo. Al\u00ed co\u00f1eceu sobre o terreo como se pon en valor o ceo nocturno desde os aloxamentos rurais, e como cambiou a demanda da Veiga desde a certificaci\u00f3n como Destino Starlight, destacando a importancia da formaci\u00f3n e o autoaprendizaje sobre astroturismo para poder ofrecer un valor engadido e diferencial aos visitantes.<\/p>\n<p>Costa da Morte Asociaci\u00f3n Tur\u00edstica, ente xestor do turismo do xeodestino Costa da Morte, obtivo o pasado mes de xaneiro o distintivo Destino Tur\u00edstico Starlight. A Xornada de Intercambio de Boas Pr\u00e1cticas en Xesti\u00f3n Tur\u00edstica e Astroturismo permitiu que os representantes de CMAT tam\u00e9n co\u00f1ecesen como repercutiu en todo o territorio da Veiga o sinal de calidade Destino Tur\u00edstico Starlight. Este concello, concienciado por respectar o patrimonio natural e evitar a contaminaci\u00f3n lum\u00ednica, afrontou o cambio de luminarias para respectar e protexer o ceo nocturno.<\/p>\n<p class=\"p1\">A celebraci\u00f3n desta actividade que incide directamente na mellora da competitividade na xesti\u00f3n do destino tur\u00edstico da Costa da Morte, foi cofinanciado pola Deputaci\u00f3n da Coru\u00f1a, a trav\u00e9s da concesi\u00f3n \u00e1 CMAT das axudas a entes de xesti\u00f3n tur\u00edstica da provincia na anualidade 2023.\u00a0<\/p>\n","protected":false},"excerpt":{"rendered":"<p>Unha delegaci\u00f3n de Costa da Morte Asociaci\u00f3n Tur\u00edstica, encabezada pola s\u00faa presidenta M\u00f3nica Rodr\u00edguez, co\u00f1ece sobre o terreo a experiencia do Consorcio Ribeira Sacra e o modelo desenvolvido por Trevinca en torno ao astroturismo. Representantes de Costa da Morte Asociaci\u00f3n Tur\u00edstica (CMAT), liderados pola s\u00faa presidenta M\u00f3nica Rodr\u00edguez Ord\u00f3\u00f1ez, participaron onte (29\/03\/2023) e hoxe (30\/03\/2023) [&hellip;]<\/p>\n","protected":false},"author":7,"featured_media":1570,"comment_status":"open","ping_status":"closed","sticky":false,"template":"","format":"standard","meta":{"_angie_page":false,"slim_seo":{"title":"CMAT participa en Ribeira Sacra e Trevinca nunha Xornada de intercambio de Boas Pr\u00e1cticas en Xesti\u00f3n Tur\u00edstica e Astroturismo entre xeodestinos para a mellora da competitividade - Costa da Morte","description":"Unha delegaci\u00f3n de Costa da Morte Asociaci\u00f3n Tur\u00edstica, encabezada pola s\u00faa presidenta M\u00f3nica Rodr\u00edguez, co\u00f1ece sobre o terreo a experiencia do Consorcio Ribeir"},"page_builder":"","footnotes":""},"categories":[106],"tags":[],"class_list":["post-4485","post","type-post","status-publish","format-standard","has-post-thumbnail","hentry","category-novas"],"_links":{"self":[{"href":"https:\/\/visitacostadamorte.com\/gl\/wp-json\/wp\/v2\/posts\/4485","targetHints":{"allow":["GET"]}}],"collection":[{"href":"https:\/\/visitacostadamorte.com\/gl\/wp-json\/wp\/v2\/posts"}],"about":[{"href":"https:\/\/visitacostadamorte.com\/gl\/wp-json\/wp\/v2\/types\/post"}],"author":[{"embeddable":true,"href":"https:\/\/visitacostadamorte.com\/gl\/wp-json\/wp\/v2\/users\/7"}],"replies":[{"embeddable":true,"href":"https:\/\/visitacostadamorte.com\/gl\/wp-json\/wp\/v2\/comments?post=4485"}],"version-history":[{"count":0,"href":"https:\/\/visitacostadamorte.com\/gl\/wp-json\/wp\/v2\/posts\/4485\/revisions"}],"wp:featuredmedia":[{"embeddable":true,"href":"https:\/\/visitacostadamorte.com\/gl\/wp-json\/wp\/v2\/media\/1570"}],"wp:attachment":[{"href":"https:\/\/visitacostadamorte.com\/gl\/wp-json\/wp\/v2\/media?parent=4485"}],"wp:term":[{"taxonomy":"category","embeddable":true,"href":"https:\/\/visitacostadamorte.com\/gl\/wp-json\/wp\/v2\/categories?post=4485"},{"taxonomy":"post_tag","embeddable":true,"href":"https:\/\/visitacostadamorte.com\/gl\/wp-json\/wp\/v2\/tags?post=4485"}],"curies":[{"name":"wp","href":"https:\/\/api.w.org\/{rel}","templated":true}]}}