{"id":3999,"date":"2021-12-30T11:32:33","date_gmt":"2021-12-30T10:32:33","guid":{"rendered":"https:\/\/great-goldberg.213-199-36-195.plesk.page\/sin-categorizar\/entrevista-monica-rodriguez-alcaldesa-vimianzo"},"modified":"2024-11-06T06:57:14","modified_gmt":"2024-11-06T05:57:14","slug":"entrevista-monica-rodriguez-alcaldesa-vimianzo","status":"publish","type":"post","link":"https:\/\/visitacostadamorte.com\/gl\/entrevistas\/entrevista-monica-rodriguez-alcaldesa-vimianzo","title":{"rendered":"Entrevista a M\u00f3nica Rodr\u00edguez Ord\u00f3\u00f1ez, Alcaldesa de Vimianzo"},"content":{"rendered":"<p>Continuamos cas entrevistas aos concellos co\u00a0<a href=\"https:\/\/www.vimianzo.gal\/\">Concello de Vimianzo<\/a>. O concello de Vimianzo \u00e9 a capital natural da Terra de Soneira. Forma parte da denominada Costa da Morte e linda cos concellos de Laxe, Camari\u00f1as, Mux\u00eda, Dumbr\u00eda e Zas. Pola parte sureste limita co Encoro da Fervenza, que o separa do concello de Mazaricos.<\/p>\n<p>O concello de Vimianzo conta dentro do seu patrimonio hist\u00f3rico cun importante n\u00famero de igrexas, edificios, etc. que recollen diferentes estilos arquitect\u00f3nicos. Tam\u00e9n pos\u00fae un importante legado hist\u00f3rico; \u00e9 un concello no que se pode apreciar a evoluci\u00f3n da civilizaci\u00f3n humana dende a Idade Castrexa ata a actualidade: dolmens, m\u00e1moas, petr\u00f3glifos, castros, mostras do Rom\u00e1nico e do Renacemento, arquitectura civil e relixiosa, confl\u00faen na diversidade das terras de Soneira.\u00a0<\/p>\n<p>Hoxe amos\u00e1mosvos o concello dende o punto de vista de M\u00f3nica Rodr\u00edguez Ord\u00f3\u00f1ez, Alcaldesa de Vimianzo. Deix\u00e1mosvos as mellores respostas:\u00a0<\/p>\n<h3>Que sentimentos esperta para ti Costa da Morte? Que significa para ti?<\/h3>\n<p>Insp\u00edrame natureza e cultura a car\u00f3n do bravo Atl\u00e1ntico, unha conexi\u00f3n con todo o litoral oeste de Europa. \u00ff a terra do solpor, co seu lado salvaxe e de misterio.<\/p>\n<h3>Tres motivos para descubrila<\/h3>\n<div class=\"page\" title=\"Page 2\">\n<div class=\"layoutArea\">\n<div class=\"column\">\n<ul>\n<li>A su\u00b4a paisaxe atla\u00b4ntica, con acantilados, praias de mar aberto, ri\u00b4as, sendeiros e esa multitude de balco\u00b4ns ao solpor. Chega ata aqui\u00b4 a prolongacio\u00b4n do Camin?o a Fisterra e Muxi\u00b4a que, deseguro, ten a su\u00b4a orixe en ver ese fin do mundo.<\/li>\n<li>O patrimonio cultural, que permite facer un percorrido pola historia de humanidade galaica, desde a e\u00b4poca dos dolmens ata a actualidade, pasando por castros e castelos. Para a su\u00b4a interpretacio\u00b4n abren as portas varios museos e centros dispersos polos dezasete concellos do xeodestino: Dolmen de Dombate, Torres do Allo, Bata\u00b4ns de Mosqueti\u00b4n, Castelo de Vimianzo, Casa do Oleiro en Bun?o, Museo de Carballo, Museo do Mar de Fisterra&#8230;.<\/li>\n<li>\u00a0As su\u00b4as xentes, hospitalarias e portadoras de saberes coma as artesani\u00b4as que se poden ver no Castelo de Vimianzo.<\/li>\n<\/ul>\n<h3>En qu\u00e9 \u00e9poca do ano che gusta m\u00e1is Costa da Morte e por que?<\/h3>\n<div class=\"page\" title=\"Page 2\">\n<div class=\"layoutArea\">\n<div class=\"column\">\n<p>A primavera e, sobre todo, o vera\u00b4n ten?en o seu atractivo pola multitude de celebracio\u00b4ns, polas horas de luz e pola temperatura, que nos permiten gozar desta terra. Temos a sorte de que ai\u00b4nda non esta\u00b4 masificada. Durante estas estacio\u00b4ns hai multitude de actividades deportivas, culturais e gastrono\u00b4micas.<\/p>\n<p>Seguen o outono e o inverno, coa cai\u00b4da da folla, os seus coloridos e os seus froitos. Boa e\u00b4poca para facer sendeirismo, apan?ar castan?as, recoller setas, para pasear a caro\u00b4n do mar ou para compartir un bo xantar. Incluso, cando hai fortes temporais, e\u00b4 todo un especta\u00b4culo ver o mar embravecido desde un lugar seguro.<\/p>\n<h3>Para os turistas que se animan a visitarvos f\u00f3ra da tempada de ver\u00e1n, que experiencias non poden perderse?<\/h3>\n<div class=\"page\" title=\"Page 3\">\n<div class=\"layoutArea\">\n<div class=\"column\">\n<ul>\n<li>Un paseo por algunha das nosas praias<\/li>\n<li>Un solpor<\/li>\n<li>Un sendeiro<\/li>\n<li>Unha visita a algu\u00b4n museo ou centro de interpretaci\u00f3n<\/li>\n<li>Unha boa comida cos produtos do mar e da terra<\/li>\n<\/ul>\n<\/div>\n<\/div>\n<\/div>\n<\/div>\n<\/div>\n<\/div>\n<\/div>\n<\/div>\n<\/div>\n<h3>Ademais do Castelo de Vimianzo,\u00a0que outros lugares ou experiencias non poden perderse?<\/h3>\n<div class=\"page\" title=\"Page 3\">\n<div class=\"layoutArea\">\n<div class=\"column\">\n<ul>\n<li>Bata\u00b4ns do Mosqueti\u00b4n<\/li>\n<li>Senda interpretativa de Cereixo<\/li>\n<li>Ruta dos Penedos de Pasarela e Traba<\/li>\n<li>Ruta dos Dolmens<\/li>\n<li>Ruta polo Val de Vimianzo<\/li>\n<li>Roteiro Fidalgo<\/li>\n<li>Vi\u00b4a Mari\u00b4ana e visita a Orbellido, a caro\u00b4n do embalse de Fervenza<\/li>\n<li>Un chocolate con churros o di\u00b4a do mercadillo, todos os xoves en Vimianzo<\/li>\n<li>Programacio\u00b4n cultural e deportiva do municipio e actividades de diversos colectivos<\/li>\n<\/ul>\n<h3>Galicia en xeral, e Costa da Morte en particular, son sin\u00f3nimo de boa comida, algunhas recomendaci\u00f3ns de pratos t\u00edpicos para descubrir Vimianzo mediante o padal?<\/h3>\n<p>Vimianzo e\u00b4 unha referencia no mapa gastrono\u00b4mico da Costa da Morte pola abundancia de establecementos, polo seu bo facer e pola variedade que se pode atopar nas su\u00b4as cartas, que vai desde as verduras ata as carnes, pasando polos peixes e mariscos, produtos que se preparan con receitas tradicionais ou incorporando as u\u00b4ltimas tendencias dos fogo\u00b4ns.<\/p>\n<div class=\"page\" title=\"Page 3\">\n<div class=\"layoutArea\">\n<div class=\"column\">\n<p>As carnes a\u00b4 parrilla ocupan un lugar destacado na oferta e o menu\u00b4 do di\u00b4a non foi esquecido polos nosos restauradores e os traballadores da zona saben que dispon?en dun amplo abano de pratos por un mo\u00b4dico prezo.<\/p>\n<p>Empanadas de bacallau, caldeiradas de pescados, guisos, estofados, caldo, bolos do pote e callos completan esta oferta que se extende aos pinchos dos bares.<\/p>\n<p>Hai que resaltar a alianza da industria alimentaria con esta oferta gastrono\u00b4mica, provinte das panaderi\u00b4as e das ca\u00b4rnicas.<\/p>\n<p>Outro aspecto relacionado co bo comer e\u00b4 o lu\u00b4dico e, nos u\u00b4ltimos anos, os Pinchos Irmandin?os, que preceden a\u00b4 Festa do Alsalto, acapararon un gran e\u00b4xito. A Fagui\u00b4a de Carne\u00b4s, declarada Festa de Interese Turi\u00b4stico de Galicia, protagoni\u00b4zase pola degustacio\u00b4n de callos que preparan os vecin?os.<\/p>\n<h3>Que vos contan os que vos visitan? Que \u00e9 o que m\u00e1is lles apaixona da s\u00faa estancia en Vimianzo? E de Costa da Morte?<\/h3>\n<div class=\"page\" title=\"Page 4\">\n<div class=\"layoutArea\">\n<div class=\"column\">\n<p>Valoran moi positivamente os espazos interpretativos do Castelo e os Bata\u00b4ns e tame\u00b4n as visitas guiadas e teatralizadas que se organizan.<\/p>\n<h3>As t\u00faas tres praias favoritas en Costa da Morte? Por que esas? E para os amantes do surf e outras actividades n\u00e1utico-deportivas?<\/h3>\n<div class=\"page\" title=\"Page 4\">\n<div class=\"layoutArea\">\n<div class=\"column\">\n<ul>\n<li>A praia de Traba, polo seu cara\u00b4cter salvaxe e por formar parte do percorrido do Camin?o dos Faros que a une con Camelle nun fermoso traxecto de rochas e acantilados.<\/li>\n<li>A praia de Arin?o, por ser de ri\u00b4a e un lugar con arboleda e merendeiro, moi co\u00b4modo para pasar un di\u00b4a en familia<\/li>\n<li>A praia do Rostro, un areal que nos conecta co Atla\u00b4ntico e co solpor e que ten unha sonoridade especial.<\/li>\n<\/ul>\n<h3>Para os amantes do sendeirismo&#8230; cal recomendas no teu concello? E cal \u00e9 a t\u00faa preferida en Costa da Morte?<\/h3>\n<div class=\"page\" title=\"Page 4\">\n<div class=\"layoutArea\">\n<div class=\"column\">\n<p>A ruta dos Penedos de Traba e Pasarela e\u00b4 unha magni\u00b4fica opcio\u00b4n.<\/p>\n<p>Desde o concello organi\u00b4zanse varias rutas guiadas ao largo do ano que ten?en moito e\u00b4xito. Ademais, existen outras posibilidades:<\/p>\n<ul>\n<li>O Camin?o dos Faros, que transcurrre pola costa e pasa por Vimianzo entre Traba e Camelle e en Cereixo.<\/li>\n<li>A Vi\u00b4a Mariana, que une Braga con Muxi\u00b4a e atravesa as parroquias de Bai\u00b4n?as e Berdoias, e se complementa coa ruta a caro\u00b4n do encoro e o vieiro Fidalgo.<\/li>\n<\/ul>\n<h3>Que lugar cres que \u00e9 o gran desco\u00f1ecido en Costa da Morte pero que ten un gran interese ou potencial?<\/h3>\n<div class=\"page\" title=\"Page 4\">\n<div class=\"layoutArea\">\n<div class=\"column\">\n<p>O mar de ardora, a observacio\u00b4n das estrelas e as postas de sol.<\/p>\n<h3>Onde atopamos a mellor posta de sol?<\/h3>\n<p>En Vimianzo hai varios lugares, un deles e\u00b4 o Alto de San Bartolo, moi cerca da capital do municipio.<\/p>\n<\/div>\n<\/div>\n<\/div>\n<\/div>\n<\/div>\n<\/div>\n<\/div>\n<\/div>\n<\/div>\n<\/div>\n<\/div>\n<\/div>\n<\/div>\n<\/div>\n<\/div>\n<\/div>\n<\/div>\n<\/div>\n","protected":false},"excerpt":{"rendered":"<p>Continuamos cas entrevistas aos concellos co\u00a0Concello de Vimianzo. O concello de Vimianzo \u00e9 a capital natural da Terra de Soneira. Forma parte da denominada Costa da Morte e linda cos concellos de Laxe, Camari\u00f1as, Mux\u00eda, Dumbr\u00eda e Zas. Pola parte sureste limita co Encoro da Fervenza, que o separa do concello de Mazaricos. O concello [&hellip;]<\/p>\n","protected":false},"author":7,"featured_media":3980,"comment_status":"open","ping_status":"closed","sticky":false,"template":"","format":"standard","meta":{"_angie_page":false,"slim_seo":{"title":"Entrevista a M\u00f3nica Rodr\u00edguez Ord\u00f3\u00f1ez, Alcaldesa de Vimianzo - Costa da Morte","description":"Continuamos cas entrevistas aos concellos co\u00a0 Concello de Vimianzo . O concello de Vimianzo \u00e9 a capital natural da Terra de Soneira. Forma parte da denominada C"},"page_builder":"","footnotes":""},"categories":[105],"tags":[],"class_list":["post-3999","post","type-post","status-publish","format-standard","has-post-thumbnail","hentry","category-entrevistas"],"_links":{"self":[{"href":"https:\/\/visitacostadamorte.com\/gl\/wp-json\/wp\/v2\/posts\/3999","targetHints":{"allow":["GET"]}}],"collection":[{"href":"https:\/\/visitacostadamorte.com\/gl\/wp-json\/wp\/v2\/posts"}],"about":[{"href":"https:\/\/visitacostadamorte.com\/gl\/wp-json\/wp\/v2\/types\/post"}],"author":[{"embeddable":true,"href":"https:\/\/visitacostadamorte.com\/gl\/wp-json\/wp\/v2\/users\/7"}],"replies":[{"embeddable":true,"href":"https:\/\/visitacostadamorte.com\/gl\/wp-json\/wp\/v2\/comments?post=3999"}],"version-history":[{"count":0,"href":"https:\/\/visitacostadamorte.com\/gl\/wp-json\/wp\/v2\/posts\/3999\/revisions"}],"wp:featuredmedia":[{"embeddable":true,"href":"https:\/\/visitacostadamorte.com\/gl\/wp-json\/wp\/v2\/media\/3980"}],"wp:attachment":[{"href":"https:\/\/visitacostadamorte.com\/gl\/wp-json\/wp\/v2\/media?parent=3999"}],"wp:term":[{"taxonomy":"category","embeddable":true,"href":"https:\/\/visitacostadamorte.com\/gl\/wp-json\/wp\/v2\/categories?post=3999"},{"taxonomy":"post_tag","embeddable":true,"href":"https:\/\/visitacostadamorte.com\/gl\/wp-json\/wp\/v2\/tags?post=3999"}],"curies":[{"name":"wp","href":"https:\/\/api.w.org\/{rel}","templated":true}]}}