{"id":3993,"date":"2021-11-02T11:32:33","date_gmt":"2021-11-02T10:32:33","guid":{"rendered":"https:\/\/great-goldberg.213-199-36-195.plesk.page\/sin-categorizar\/entrevista-maria-lago-tecnico-turismo-carnota"},"modified":"2024-11-06T06:57:06","modified_gmt":"2024-11-06T05:57:06","slug":"entrevista-maria-lago-tecnico-turismo-carnota","status":"publish","type":"post","link":"https:\/\/visitacostadamorte.com\/gl\/entrevistas\/entrevista-maria-lago-tecnico-turismo-carnota","title":{"rendered":"Entrevista a Mar\u00eda Lago, T\u00e9cnica de Turismo de Carnota"},"content":{"rendered":"<p>Continuamos cas entrevistas aos concellos co\u00a0<a href=\"https:\/\/www.carnota.gal\/\" target=\"_blank\" rel=\"noopener\">Concello de Carnota<\/a>. Carnota est\u00e1 situado no extremo occidental da Coru\u00f1a, ao sur de Fisterra, lindando cos concellos de Muros, Dumbr\u00eda e Mazaricos.\u00a0<\/p>\n<p>As principais protagonistas do concello de Carnota na paisaxe son, sen d\u00fabida, as rochas gran\u00edticas do Monte Pindo, que formaron un espazo natural incomparable dende o punto de vista xeomorfol\u00f3xico.<\/p>\n<p>As actividades tradicionais eran, ata non hai moito tempo, a pesca e a agricultura, pero foron perdendo peso. Na actualidade podemos dicir que a riqueza do litoral permite a explotaci\u00f3n empresarial dos recursos do mar, sector no que destacan as granxas de rodaballo de Lira e de Quilmas.<\/p>\n<p>Hoxe amos\u00e1mosvos o concello desde o punto de vista de Mar\u00eda Lago, T\u00e9cnica de Turismo. Deix\u00e1mosvos as mellores respostas:<\/p>\n<h3>Que sentimentos esperta para ti Costa da Morte? Que significa para ti?<\/h3>\n<p>A Costa da Morte \u00e9 ese lugar que che fai sentir libre e con ganas de volver.<\/p>\n<h3>Tres motivos para descubrila.<\/h3>\n<ul>\n<li>A gastronom\u00eda da Costa da Morte nunca defrauda, ofrece un produto de alta calidade e con moi boa relaci\u00f3n calidade prezo.<\/li>\n<li>As praias da Costa da Morte tam\u00e9n son sempre unha garant\u00eda de \u00e9xito debido a s\u00faa area branca e fina e as augas cristalinas da maior parte delas.<\/li>\n<li>As mostras de patrimonio cultural propias da zona como os h\u00f3rreos ou os mu\u00ed\u00f1os de auga pero tam\u00e9n o patrimonio inmaterial como as festas e tradici\u00f3ns.<\/li>\n<\/ul>\n<h3>En qu\u00e9 \u00e9poca do ano che gusta m\u00e1is Costa da Morte e por que?<\/h3>\n<p>A Costa da Morte pos\u00fae un encanto diferente segundo as distintas \u00e9pocas do ano. No ver\u00e1n o tempo acompa\u00f1a e a oferta de actividades \u00e9 m\u00e1is ampla e no inverno o mar nesta zona ten un atractivo especial durante os temporais. Pero posiblemente a \u00e9poca m\u00e1is bonita sexa a primavera cando florece a chorima e se poden ver os montes tinguidos de amarelo.<\/p>\n<h3>Para os turistas que se animan a visitarvos f\u00f3ra da tempada de ver\u00e1n, que experiencias non poden perderse?<\/h3>\n<p>Visitar os h\u00f3rreos de Carnota e Lira, os miradores de Louredo e Lira ou a fervenza de Pedrafigueira son visitas que se poden realizar en calquera \u00e9poca do ano. Dar un paseo pola Senda Verde tam\u00e9n \u00e9 sempre unha boa opci\u00f3n onde se pode contemplar ademais distintos xacementos arqueol\u00f3xicos.<\/p>\n<h3>Ademais da praia de Carnota, que outros lugares ou experiencias non poden perderse?<\/h3>\n<p>Subir ao monte Pindo \u00e9 unha experiencia moi reconfortante. Un lugar cargado de mitos e lendas onde poder contemplar as distintas formaci\u00f3ns rochosas en forma humana e animal que se foron formando froito da erosi\u00f3n do granito. As vistas dende a Moa son fascinantes e o esforzo ben merece a pena.<\/p>\n<p>Os amantes da artesan\u00eda poden visitar un taller de cer\u00e1mica que ofrece visitas guiadas gratu\u00edtas con acceso \u00e1 exposici\u00f3n e ao taller do artista e para os que queren vivir unha experiencia m\u00e1is activa, poden desfrutar dunha xornada de pesca da man dun patr\u00f3n experimentado da zona.<\/p>\n<h3>Galicia en xeral, e Costa da Morte en particular, son sin\u00f3nimo de boa comida, algunhas recomendaci\u00f3ns de pratos t\u00edpicos para descubrir Carnota mediante o padal?<\/h3>\n<p>Sen d\u00fabida. Recomendar\u00eda os produtos do mar sobretodo pulpo e mariscos que son de calidade excelente na nosa costa.<\/p>\n<h3>Que vos contan os que vos visitan? Que \u00e9 o que m\u00e1is lles apaixona da s\u00faa estancia en Carnota? E de Costa da Morte?<\/h3>\n<p>O que m\u00e1is lles gusta de Carnota \u00e9 a paisaxe e valoran moito o estado de conservaci\u00f3n do litoral practicamente virxe, sen grandes edificaci\u00f3ns a p\u00e9 de praia. A gastronom\u00eda e o car\u00e1cter das xentes da Costa da Morte tam\u00e9n son moi valorados.<\/p>\n<h3>As t\u00faas tres praias favoritas en Costa da Morte? Por que esas? E para os amantes do surf e outras actividades n\u00e1utico-deportivas?<\/h3>\n<p>A praia de Carnota, todo un referente da Costa da Morte e de toda Galicia. Un lugar especial, con augas cristalinas e kil\u00f3metros de area que ten como tel\u00f3n de fondo o monte Pindo.<\/p>\n<p>A praia de Lari\u00f1o \u00e9 unha das mi\u00f1as favoritas porque se atopa nun entorno id\u00edlico sen aglomeraci\u00f3ns, perfecta para desconectar. Tam\u00e9n \u00e9 frecuentada por deportistas experimentados para a pr\u00e1ctica de surf e kitesurf.<\/p>\n<p>A praia de Razo tam\u00e9n me gusta moito, \u00e9 unha praia grande que ofrece bastantes servizos.<\/p>\n<h3>Para os amantes do sendeirismo&#8230; cal recomendas no teu concellos? E cal \u00e9 a t\u00faa preferida en Costa da Morte?<\/h3>\n<p>En Carnota recomendar\u00eda d\u00faas especialmente, a subida ao Monte Pindo e a Senda Verde. Da Costa da Morte o referente penso que \u00e9 o Cami\u00f1o dos Faros.<\/p>\n<h3>Que lugar cres que \u00e9 o gran desco\u00f1ecido en Costa da Morte pero que ten un gran interese ou potencial?<\/h3>\n<p>A zona de Caneli\u00f1as, onde se atopa a antiga ballenera, tanto pola s\u00faa ubicaci\u00f3n como pola historia que hai detr\u00e1s.<\/p>\n<h3>Onde atopamos a mellor posta de sol?<\/h3>\n<p>Ao longo da Costa da Morte p\u00f3dese desfrutar de solpores de pel\u00edcula en numerosas lugares. En Carnota destacar\u00eda d\u00faas ubicaci\u00f3ns especialmente: unha zona moi frecuentada para ver o luscofusco \u00e9 detr\u00e1s do faro de Lari\u00f1o e o outro lugar \u00e9 o Monte Pindo onde se pode contemplar o \u00faltimo solpor da Europa Continental entre\u00a0 o 24 de marzo e o 23 de abril e entre o 18 de agosto e o 19 de setembro.<\/p>\n<p>Dos escenarios m\u00e1is recomendables para ver o solpor do resto da Costa da Morte qu\u00e9dome cos faros de Fisterra e Touri\u00f1\u00e1n.<\/p>\n","protected":false},"excerpt":{"rendered":"<p>Continuamos cas entrevistas aos concellos co\u00a0Concello de Carnota. Carnota est\u00e1 situado no extremo occidental da Coru\u00f1a, ao sur de Fisterra, lindando cos concellos de Muros, Dumbr\u00eda e Mazaricos.\u00a0 As principais protagonistas do concello de Carnota na paisaxe son, sen d\u00fabida, as rochas gran\u00edticas do Monte Pindo, que formaron un espazo natural incomparable dende o punto [&hellip;]<\/p>\n","protected":false},"author":7,"featured_media":3968,"comment_status":"open","ping_status":"closed","sticky":false,"template":"","format":"standard","meta":{"_angie_page":false,"slim_seo":{"title":"Entrevista a Mar\u00eda Lago, T\u00e9cnica de Turismo de Carnota - Costa da Morte","description":"Continuamos cas entrevistas aos concellos co\u00a0 Concello de Carnota . Carnota est\u00e1 situado no extremo occidental da Coru\u00f1a, ao sur de Fisterra, lindando cos conce"},"page_builder":"","footnotes":""},"categories":[105],"tags":[],"class_list":["post-3993","post","type-post","status-publish","format-standard","has-post-thumbnail","hentry","category-entrevistas"],"_links":{"self":[{"href":"https:\/\/visitacostadamorte.com\/gl\/wp-json\/wp\/v2\/posts\/3993","targetHints":{"allow":["GET"]}}],"collection":[{"href":"https:\/\/visitacostadamorte.com\/gl\/wp-json\/wp\/v2\/posts"}],"about":[{"href":"https:\/\/visitacostadamorte.com\/gl\/wp-json\/wp\/v2\/types\/post"}],"author":[{"embeddable":true,"href":"https:\/\/visitacostadamorte.com\/gl\/wp-json\/wp\/v2\/users\/7"}],"replies":[{"embeddable":true,"href":"https:\/\/visitacostadamorte.com\/gl\/wp-json\/wp\/v2\/comments?post=3993"}],"version-history":[{"count":0,"href":"https:\/\/visitacostadamorte.com\/gl\/wp-json\/wp\/v2\/posts\/3993\/revisions"}],"wp:featuredmedia":[{"embeddable":true,"href":"https:\/\/visitacostadamorte.com\/gl\/wp-json\/wp\/v2\/media\/3968"}],"wp:attachment":[{"href":"https:\/\/visitacostadamorte.com\/gl\/wp-json\/wp\/v2\/media?parent=3993"}],"wp:term":[{"taxonomy":"category","embeddable":true,"href":"https:\/\/visitacostadamorte.com\/gl\/wp-json\/wp\/v2\/categories?post=3993"},{"taxonomy":"post_tag","embeddable":true,"href":"https:\/\/visitacostadamorte.com\/gl\/wp-json\/wp\/v2\/tags?post=3993"}],"curies":[{"name":"wp","href":"https:\/\/api.w.org\/{rel}","templated":true}]}}