{"id":3990,"date":"2021-11-26T11:32:33","date_gmt":"2021-11-26T10:32:33","guid":{"rendered":"https:\/\/great-goldberg.213-199-36-195.plesk.page\/sin-categorizar\/entrevista-alfredo-canizo-concelleiro-turismo-malpica-de-bergantinos"},"modified":"2024-11-06T06:57:06","modified_gmt":"2024-11-06T05:57:06","slug":"entrevista-alfredo-canizo-concelleiro-turismo-malpica-de-bergantinos","status":"publish","type":"post","link":"https:\/\/visitacostadamorte.com\/gl\/entrevistas\/entrevista-alfredo-canizo-concelleiro-turismo-malpica-de-bergantinos","title":{"rendered":"Entrevista a Alfredo Ca\u00f1izo, Concelleiro de Turismo de Malpica de Berganti\u00f1os"},"content":{"rendered":"\n<p>Continuamos cas entrevistas aos concellos co&nbsp;<a href=\"http:\/\/www.concellomalpica.com\/es\/\" target=\"_blank\" rel=\"noopener\">Concello de Malpica de Berganti\u00f1os<\/a>. Malpica \u00e9 un dos portos baleeiros que houbo na costa de Galicia no s\u00e9culo XVII. A historia sinala que foron os mari\u00f1eiros vascos os que fundaron esta poboaci\u00f3n concibida como unha base de operaci\u00f3ns para a flota que capturaba cet\u00e1ceos neste recuncho atl\u00e1ntico.<\/p>\n\n\n\n<p>Na actualidade, Malpica de Berganti\u00f1os \u00e9 un dos portos m\u00e1is importantes da pesca artesanal de Galicia. O principal n\u00facleo de poboaci\u00f3n \u00e9 a capital municipal, que d\u00e1 nome ao municipio, a\u00ednda que tam\u00e9n temos localidades coma Bu\u00f1o, Seaia ou Cerqueda nos que se agrupan a maior parte dos veci\u00f1os do territorio.&nbsp;<\/p>\n\n\n\n<p>Hoxe amos\u00e1mosvos o concello dende o punto de vista de Alfredo Ca\u00f1izo, Concelleiro de Turismo.&nbsp;Deix\u00e1mosvos as mellores respostas:&nbsp;<\/p>\n\n\n\n<h3 class=\"wp-block-heading\">Que sentimentos esperta para ti Costa da Morte? Que significa para ti?<\/h3>\n\n\n\n<p>A Costa da Morte \u00e9 a mi\u00f1a vida.<\/p>\n\n\n\n<h3 class=\"wp-block-heading\">Tres motivos para descubrila<\/h3>\n\n\n\n<p>Cultura, gastronom\u00eda e calor humana da xente.<\/p>\n\n\n\n<h3 class=\"wp-block-heading\">En qu\u00e9 \u00e9poca do ano che gusta m\u00e1is Costa da Morte e por que?<\/h3>\n\n\n\n<p>No inverno pola calidade de vida, conv\u00e9rtese nun remanso de paz interior para as persoas.<\/p>\n\n\n\n<h3 class=\"wp-block-heading\">Para os turistas que se animan a visitarvos f\u00f3ra da tempada de ver\u00e1n, que experiencias non poden perderse?<\/h3>\n\n\n\n<p>As visitas obrigadas son a nosa cultura e gastronom\u00eda, as rutas como O Cami\u00f1o dos Faros e a oler\u00eda de Bu\u00f1o.<\/p>\n\n\n\n<h3 class=\"wp-block-heading\">Ademais do Faro Punta Nariga, que outros lugares ou experiencias non poden perderse?<\/h3>\n\n\n\n<p>As Sisargas, a oler\u00eda de Bu\u00f1o, as rutas de sendeirismo e as visitas ao porto ou \u00e1 lonxa.&nbsp;<\/p>\n\n\n\n<h3 class=\"wp-block-heading\">Galicia en xeral, e Costa da Morte en particular, son sin\u00f3nimo de boa comida, algunhas recomendaci\u00f3ns de pratos t\u00edpicos para descubrir Malpica mediante o padal?<\/h3>\n\n\n\n<p>Caldeirada, polbo, empanadas, e todo o que se captura no noso mar. E como non, as mellores carnes.&nbsp;<\/p>\n\n\n\n<h3 class=\"wp-block-heading\">Que vos contan os que vos visitan? Que \u00e9 o que m\u00e1is lles apaixona da s\u00faa estancia en Malpica? E de Costa da Morte?<\/h3>\n\n\n\n<p>Que lles gusta a nosa familiaridade, a nosa costa, a nosa gastronom\u00eda e que repetir\u00e1n sen d\u00fabida.&nbsp;<\/p>\n\n\n\n<h3 class=\"wp-block-heading\">As t\u00faas tres praias favoritas en Costa da Morte? Por que esas? E para os amantes do surf e outras actividades n\u00e1utico-deportivas?<\/h3>\n\n\n\n<p>Area Maior, As Torradas e Seiruga, todas en Malpica.<\/p>\n\n\n\n<h3 class=\"wp-block-heading\">Para os amantes do sendeirismo&#8230; cal recomendas no teu concello? E cal \u00e9 a t\u00faa preferida en Costa da Morte?<\/h3>\n\n\n\n<p>O Cami\u00f1o dos Faros.<\/p>\n\n\n\n<h3 class=\"wp-block-heading\">Que lugar cres que \u00e9 o gran desco\u00f1ecido en Costa da Morte pero que ten un gran interese ou potencial?<\/h3>\n\n\n\n<p>O miradoiro astron\u00f3mico do Mar \u00e1s Estrelas en Punta Nariga.<\/p>\n\n\n\n<h3 class=\"wp-block-heading\">Onde atopamos a mellor posta de sol?<\/h3>\n\n\n\n<p>No faro de Punta Nariga.<\/p>\n","protected":false},"excerpt":{"rendered":"<p>Continuamos cas entrevistas aos concellos co&nbsp;Concello de Malpica de Berganti\u00f1os. Malpica \u00e9 un dos portos baleeiros que houbo na costa de Galicia no s\u00e9culo XVII. A historia sinala que foron os mari\u00f1eiros vascos os que fundaron esta poboaci\u00f3n concibida como unha base de operaci\u00f3ns para a flota que capturaba cet\u00e1ceos neste recuncho atl\u00e1ntico. Na actualidade, [&hellip;]<\/p>\n","protected":false},"author":7,"featured_media":3962,"comment_status":"open","ping_status":"closed","sticky":false,"template":"","format":"standard","meta":{"_angie_page":false,"slim_seo":{"title":"Entrevista a Alfredo Ca\u00f1izo, Concelleiro de Turismo de Malpica de Berganti\u00f1os - Costa da Morte","description":"Continuamos cas entrevistas aos concellos co&nbsp; Concello de Malpica de Berganti\u00f1os . Malpica \u00e9 un dos portos baleeiros que houbo na costa de Galicia no s\u00e9cul"},"page_builder":"","footnotes":""},"categories":[105],"tags":[],"class_list":["post-3990","post","type-post","status-publish","format-standard","has-post-thumbnail","hentry","category-entrevistas"],"_links":{"self":[{"href":"https:\/\/visitacostadamorte.com\/gl\/wp-json\/wp\/v2\/posts\/3990","targetHints":{"allow":["GET"]}}],"collection":[{"href":"https:\/\/visitacostadamorte.com\/gl\/wp-json\/wp\/v2\/posts"}],"about":[{"href":"https:\/\/visitacostadamorte.com\/gl\/wp-json\/wp\/v2\/types\/post"}],"author":[{"embeddable":true,"href":"https:\/\/visitacostadamorte.com\/gl\/wp-json\/wp\/v2\/users\/7"}],"replies":[{"embeddable":true,"href":"https:\/\/visitacostadamorte.com\/gl\/wp-json\/wp\/v2\/comments?post=3990"}],"version-history":[{"count":0,"href":"https:\/\/visitacostadamorte.com\/gl\/wp-json\/wp\/v2\/posts\/3990\/revisions"}],"wp:featuredmedia":[{"embeddable":true,"href":"https:\/\/visitacostadamorte.com\/gl\/wp-json\/wp\/v2\/media\/3962"}],"wp:attachment":[{"href":"https:\/\/visitacostadamorte.com\/gl\/wp-json\/wp\/v2\/media?parent=3990"}],"wp:term":[{"taxonomy":"category","embeddable":true,"href":"https:\/\/visitacostadamorte.com\/gl\/wp-json\/wp\/v2\/categories?post=3990"},{"taxonomy":"post_tag","embeddable":true,"href":"https:\/\/visitacostadamorte.com\/gl\/wp-json\/wp\/v2\/tags?post=3990"}],"curies":[{"name":"wp","href":"https:\/\/api.w.org\/{rel}","templated":true}]}}