{"id":5061,"date":"2018-05-14T00:00:00","date_gmt":"2018-05-13T22:00:00","guid":{"rendered":"https:\/\/great-goldberg.213-199-36-195.plesk.page\/uncategorized\/the-17-edition-of-volta-ciclista-to-the-province-of-a-coruna-begins-in-ponteceso"},"modified":"2024-11-06T08:09:00","modified_gmt":"2024-11-06T07:09:00","slug":"the-17-edition-of-volta-ciclista-to-the-province-of-a-coruna-begins-in-ponteceso","status":"publish","type":"post","link":"https:\/\/visitacostadamorte.com\/en\/news\/the-17-edition-of-volta-ciclista-to-the-province-of-a-coruna-begins-in-ponteceso","title":{"rendered":"The 17\u00aa edition of &#8221; Volta Ciclista&#8221; to the Province of A Coru\u00f1a begins in Ponteceso"},"content":{"rendered":"<p>The city councils of Ponteceso, Curtis and Affection will be this year the central headquarters of the 17\u00aa edition of the Gone back Cyclist to the Province of A Coru\u00f1a, that will contest between the days 1 and 3 June and will have the participation of more than a hundred of cyclists of the categories Elite and Sub-23, in which they forge the new promises of this sportive discipline before arriving to the professional field.<\/p>\n<p>The sportive event was presented the Saturday happened on the beach of Balar\u00e9s (Ponteceso) during an act that had the assistance of the deputy of Sports, Jos\u00e9 Garc\u00eda Li\u00f1ares, the mayor of Ponteceso, Lois Garc\u00eda Carballido, the mayor of Dumbr\u00eda and provincial deputy, Jos\u00e9 Manuel Small, the councillor ponteces\u00e1n of Sports, Marco Varela, the president of the Galician Federation of Cycling, Juan Carlos Mu\u00f1iz, the exciclista Ezequiel Mosquera, the technical director of the proof, Guillermo Cure, the mayor of Affection, Jos\u00e9 Miguel Alonso Pumar, the lieutenant of the Civil Guard Jos\u00e9 Manuel Mel\u00e9ndez and the sportive journalist of the Galician Radio Andr\u00e9s Vieites, that commissioned to drive the act.<\/p>\n<p>The mayors of Ponteceso and Affection appreciated to the Deputation that had chosen his places, together with Curtis, like central headquarters of the Turn to the Province and underlined the support to the cycling by part of the deputies of Sports and Roads and Works of the Deputation, that allowed that the province received stages of the Gone back Cyclist to Spain and have under way ambitious projects of promotion of the cycling like the Network Metropolitan Cyclist of A Coru\u00f1a or the Green Road Santiago-Cerceda.<\/p>\n<p>In this 17\u00aa edition of the Turn will participate a total of 17 teams of Asturias, Tenerife, Madrid, Extremadura, Cantabria, Castilla-Le\u00f3n, Galicia and Portugal. The proof will begin on 1 June in Ponteceso, with a route of 150 kilometres that will go through A Campara, Pazos, To Bugalleira, Knit, Nea\u00f1o, Cesullas, Allo, Baio, Zas, the high of Saint Roque, Santa Comba, Slope of the Valley, Paxareiras, The Pindo, The \u00c9zaro (with rise to the oriel), Hospital, Dumbr\u00eda, Vimianzo and return to Ponteceso.<\/p>\n<p>\u00a0<\/p>\n","protected":false},"excerpt":{"rendered":"<p>The city councils of Ponteceso, Curtis and Affection will be this year the central headquarters of the 17\u00aa edition of the Gone back Cyclist to the Province of A Coru\u00f1a, that will contest between the days 1 and 3 June and will have the participation of more than a hundred of cyclists of the categories [&hellip;]<\/p>\n","protected":false},"author":7,"featured_media":2457,"comment_status":"open","ping_status":"closed","sticky":false,"template":"","format":"standard","meta":{"_angie_page":false,"slim_seo":{"title":"The 17\u00aa edition of \" Volta Ciclista\" to the Province of A Coru\u00f1a begins in Ponteceso - Costa da Morte","description":"The city councils of Ponteceso, Curtis and Affection will be this year the central headquarters of the 17\u00aa edition of the Gone back Cyclist to the Province of A"},"page_builder":"","footnotes":""},"categories":[104],"tags":[136],"class_list":["post-5061","post","type-post","status-publish","format-standard","has-post-thumbnail","hentry","category-news","tag-ponteceso-en"],"_links":{"self":[{"href":"https:\/\/visitacostadamorte.com\/en\/wp-json\/wp\/v2\/posts\/5061","targetHints":{"allow":["GET"]}}],"collection":[{"href":"https:\/\/visitacostadamorte.com\/en\/wp-json\/wp\/v2\/posts"}],"about":[{"href":"https:\/\/visitacostadamorte.com\/en\/wp-json\/wp\/v2\/types\/post"}],"author":[{"embeddable":true,"href":"https:\/\/visitacostadamorte.com\/en\/wp-json\/wp\/v2\/users\/7"}],"replies":[{"embeddable":true,"href":"https:\/\/visitacostadamorte.com\/en\/wp-json\/wp\/v2\/comments?post=5061"}],"version-history":[{"count":0,"href":"https:\/\/visitacostadamorte.com\/en\/wp-json\/wp\/v2\/posts\/5061\/revisions"}],"wp:featuredmedia":[{"embeddable":true,"href":"https:\/\/visitacostadamorte.com\/en\/wp-json\/wp\/v2\/media\/2457"}],"wp:attachment":[{"href":"https:\/\/visitacostadamorte.com\/en\/wp-json\/wp\/v2\/media?parent=5061"}],"wp:term":[{"taxonomy":"category","embeddable":true,"href":"https:\/\/visitacostadamorte.com\/en\/wp-json\/wp\/v2\/categories?post=5061"},{"taxonomy":"post_tag","embeddable":true,"href":"https:\/\/visitacostadamorte.com\/en\/wp-json\/wp\/v2\/tags?post=5061"}],"curies":[{"name":"wp","href":"https:\/\/api.w.org\/{rel}","templated":true}]}}