{"id":5048,"date":"2018-05-30T00:00:00","date_gmt":"2018-05-29T22:00:00","guid":{"rendered":"https:\/\/great-goldberg.213-199-36-195.plesk.page\/uncategorized\/ponteceso-will-receive-this-wekend-the-17th-edition-of-volta-ciclista-a-provincia-da-coruna"},"modified":"2024-11-06T08:08:52","modified_gmt":"2024-11-06T07:08:52","slug":"ponteceso-will-receive-this-wekend-the-17th-edition-of-volta-ciclista-a-provincia-da-coruna","status":"publish","type":"post","link":"https:\/\/visitacostadamorte.com\/en\/news\/ponteceso-will-receive-this-wekend-the-17th-edition-of-volta-ciclista-a-provincia-da-coruna","title":{"rendered":"Ponteceso will receive this wekend the 17th edition of &#8220;Volta Ciclista \u00e1 Provincia da Coru\u00f1a&#8221;"},"content":{"rendered":"<p>The city councils of Ponteceso, Curtis and Cari\u00f1o will be this year the headquarters of the 17\u00aa edition of the Cycling Turn to the Province of the Coru\u00f1a, that will contest go in the days 1 and 3 of June and will explain with the participation of more of a hundred of cycling of the categories \u00c9lite and Sub-23, in the that forxan the new promises of this sportive discipline before arriving to the professional field.<\/p>\n<p>The responsible deputy of the area of Sports, Jos\u00e9 Garc\u00eda Li\u00f1ares, and the president of the Galician Federation of Cycling, Juan Carlos Mu\u00f1iz, signed this morning in the are of the provincial institution the agreement through the which the Deputation will attach 86.500 \u20ac, 80% of the total budget of this sportive event. In this 17\u00aa edition of the Turn will take part a total of 17 teams of Asturias, Tenerife, Madrid, Extremadura, Cantabria, Castile-Le\u00f3n, Galicia and Portugal.<\/p>\n<p>The proof will begin the 1 of June in Ponteceso, with a visited of 150 kilometers that will go through The Campara, Pazos, The Bugalleira, Tella, Nea\u00f1o, Cesullas, O Allo, Baio, Zas, O alto de San Roque, Santa Comba, Pending of the Valley, Birders, The Pindo, The \u00c9zaro (with rise to the mirador), Hospital, Dumbr\u00eda, Vimianzo and return to Ponteceso. The 2 of June to stage of the Turn will split of Curtis, since where will realize a route of 133 kilometers that will go through Teixeiro, The Castellana, Montesalgueiro, Arceo, The G\u00e1ndara (Boimorto), Arz\u00faa, Melide, Pontepedra and Sobrado dos Monxes to go back it Curtis. The last stage, of 125 kilometers, will contest the 3 of June will go out of the port of Affection and will go through Ortigueira, Espasante, Loiba, The Barqueiro, The Faladoira, Healthy Claudio, Mere Bridge, Felgosas, Campelo, Cedeira, Pontigas and Garita of the Herbeira to finish off afresh in the Avenue of the Constitution of Cari\u00f1o.<\/p>\n","protected":false},"excerpt":{"rendered":"<p>The city councils of Ponteceso, Curtis and Cari\u00f1o will be this year the headquarters of the 17\u00aa edition of the Cycling Turn to the Province of the Coru\u00f1a, that will contest go in the days 1 and 3 of June and will explain with the participation of more of a hundred of cycling of the [&hellip;]<\/p>\n","protected":false},"author":7,"featured_media":2408,"comment_status":"open","ping_status":"closed","sticky":false,"template":"","format":"standard","meta":{"_angie_page":false,"slim_seo":{"title":"Ponteceso will receive this wekend the 17th edition of \"Volta Ciclista \u00e1 Provincia da Coru\u00f1a\" - Costa da Morte","description":"The city councils of Ponteceso, Curtis and Cari\u00f1o will be this year the headquarters of the 17\u00aa edition of the Cycling Turn to the Province of the Coru\u00f1a, that"},"page_builder":"","footnotes":""},"categories":[104],"tags":[136],"class_list":["post-5048","post","type-post","status-publish","format-standard","has-post-thumbnail","hentry","category-news","tag-ponteceso-en"],"_links":{"self":[{"href":"https:\/\/visitacostadamorte.com\/en\/wp-json\/wp\/v2\/posts\/5048","targetHints":{"allow":["GET"]}}],"collection":[{"href":"https:\/\/visitacostadamorte.com\/en\/wp-json\/wp\/v2\/posts"}],"about":[{"href":"https:\/\/visitacostadamorte.com\/en\/wp-json\/wp\/v2\/types\/post"}],"author":[{"embeddable":true,"href":"https:\/\/visitacostadamorte.com\/en\/wp-json\/wp\/v2\/users\/7"}],"replies":[{"embeddable":true,"href":"https:\/\/visitacostadamorte.com\/en\/wp-json\/wp\/v2\/comments?post=5048"}],"version-history":[{"count":0,"href":"https:\/\/visitacostadamorte.com\/en\/wp-json\/wp\/v2\/posts\/5048\/revisions"}],"wp:featuredmedia":[{"embeddable":true,"href":"https:\/\/visitacostadamorte.com\/en\/wp-json\/wp\/v2\/media\/2408"}],"wp:attachment":[{"href":"https:\/\/visitacostadamorte.com\/en\/wp-json\/wp\/v2\/media?parent=5048"}],"wp:term":[{"taxonomy":"category","embeddable":true,"href":"https:\/\/visitacostadamorte.com\/en\/wp-json\/wp\/v2\/categories?post=5048"},{"taxonomy":"post_tag","embeddable":true,"href":"https:\/\/visitacostadamorte.com\/en\/wp-json\/wp\/v2\/tags?post=5048"}],"curies":[{"name":"wp","href":"https:\/\/api.w.org\/{rel}","templated":true}]}}